{"id":6827,"date":"2020-07-08T10:05:41","date_gmt":"2020-07-08T13:05:41","guid":{"rendered":"http:\/\/viacaofortaleza.com.br\/?p=6827"},"modified":"2020-07-08T11:01:26","modified_gmt":"2020-07-08T14:01:26","slug":"dia-do-profissional-do-transporte-condutores-desde-2019-e-2018","status":"publish","type":"post","link":"http:\/\/viacaofortaleza.com.br\/index.php\/2020\/07\/08\/dia-do-profissional-do-transporte-condutores-desde-2019-e-2018\/","title":{"rendered":"Dia do Profissional do Transporte &#8211; Condutores desde 2019 e 2018"},"content":{"rendered":"<p>&nbsp;Dia do Profissional do Transporte est\u00e1 chegando??!<br \/>\n\u2800<br \/>\nN\u00f3s, da Via\u00e7\u00e3o Fortaleza, preparamos uma homenagem linda para cada um de voc\u00eas que todos os dias conduzem vidas com muito amor, cuidado e aten\u00e7\u00e3o! ?<br \/>\n\u2800<br \/>\nAqui, temos os condutores que est\u00e3o conosco desde 2019 e 2018! ?<br \/>\n*Feliz dia do Profissional do Transporte!*<br \/>\n\u2800<br \/>\n<a class=\" xil3i\" tabindex=\"0\" href=\"https:\/\/www.instagram.com\/explore\/tags\/profissionaldotransporte\/\">#profissionaldotransporte<\/a>&nbsp;<a class=\" xil3i\" tabindex=\"0\" href=\"https:\/\/www.instagram.com\/explore\/tags\/motorista\/\">#motorista<\/a>&nbsp;<a class=\" xil3i\" tabindex=\"0\" href=\"https:\/\/www.instagram.com\/explore\/tags\/cobrador\/\">#cobrador<\/a>&nbsp;<a class=\" xil3i\" tabindex=\"0\" href=\"https:\/\/www.instagram.com\/explore\/tags\/conduzvidas\/\">#conduzvidas<\/a>&nbsp;<a class=\" xil3i\" tabindex=\"0\" href=\"https:\/\/www.instagram.com\/explore\/tags\/homenagem\/\">#homenagem<\/a><\/p>\n","protected":false},"excerpt":{"rendered":"<p>&nbsp;Dia do Profissional do Transporte est\u00e1 chegando??! \u2800 N\u00f3s, da Via\u00e7\u00e3o Fortaleza, preparamos uma homenagem linda para cada um de voc\u00eas que todos os dias conduzem vidas com muito amor, cuidado e aten\u00e7\u00e3o! ? \u2800 Aqui, temos os condutores que est\u00e3o conosco desde 2019 e 2018! ? *Feliz dia do Profissional do Transporte!* \u2800 #profissionaldotransporte&nbsp;#motorista&nbsp;#cobrador&nbsp;#conduzvidas&nbsp;#homenagem<\/p>\n","protected":false},"author":1,"featured_media":6830,"comment_status":"open","ping_status":"open","sticky":false,"template":"","format":"standard","meta":{"_mi_skip_tracking":false,"_monsterinsights_sitenote_active":false,"_monsterinsights_sitenote_note":"","_monsterinsights_sitenote_category":0,"ngg_post_thumbnail":0},"categories":[12,3],"tags":[648],"_links":{"self":[{"href":"http:\/\/viacaofortaleza.com.br\/index.php\/wp-json\/wp\/v2\/posts\/6827"}],"collection":[{"href":"http:\/\/viacaofortaleza.com.br\/index.php\/wp-json\/wp\/v2\/posts"}],"about":[{"href":"http:\/\/viacaofortaleza.com.br\/index.php\/wp-json\/wp\/v2\/types\/post"}],"author":[{"embeddable":true,"href":"http:\/\/viacaofortaleza.com.br\/index.php\/wp-json\/wp\/v2\/users\/1"}],"replies":[{"embeddable":true,"href":"http:\/\/viacaofortaleza.com.br\/index.php\/wp-json\/wp\/v2\/comments?post=6827"}],"version-history":[{"count":1,"href":"http:\/\/viacaofortaleza.com.br\/index.php\/wp-json\/wp\/v2\/posts\/6827\/revisions"}],"predecessor-version":[{"id":6831,"href":"http:\/\/viacaofortaleza.com.br\/index.php\/wp-json\/wp\/v2\/posts\/6827\/revisions\/6831"}],"wp:featuredmedia":[{"embeddable":true,"href":"http:\/\/viacaofortaleza.com.br\/index.php\/wp-json\/wp\/v2\/media\/6830"}],"wp:attachment":[{"href":"http:\/\/viacaofortaleza.com.br\/index.php\/wp-json\/wp\/v2\/media?parent=6827"}],"wp:term":[{"taxonomy":"category","embeddable":true,"href":"http:\/\/viacaofortaleza.com.br\/index.php\/wp-json\/wp\/v2\/categories?post=6827"},{"taxonomy":"post_tag","embeddable":true,"href":"http:\/\/viacaofortaleza.com.br\/index.php\/wp-json\/wp\/v2\/tags?post=6827"}],"curies":[{"name":"wp","href":"https:\/\/api.w.org\/{rel}","templated":true}]}}