{"id":6852,"date":"2020-07-18T10:00:43","date_gmt":"2020-07-18T13:00:43","guid":{"rendered":"http:\/\/viacaofortaleza.com.br\/?p=6852"},"modified":"2020-07-09T10:14:03","modified_gmt":"2020-07-09T13:14:03","slug":"dia-do-profissional-do-transporte-condutores-desde-2014-e-2013","status":"publish","type":"post","link":"http:\/\/viacaofortaleza.com.br\/index.php\/2020\/07\/18\/dia-do-profissional-do-transporte-condutores-desde-2014-e-2013\/","title":{"rendered":"Dia do Profissional do Transporte &#8211; Condutores desde 2014 e 2013"},"content":{"rendered":"<p>O Dia do Profissional do Transporte est\u00e1 chegando<img class=\"emojioneemoji\" src=\"https:\/\/cdn.jsdelivr.net\/emojione\/assets\/4.0\/png\/32\/1f44f.png\" alt=\"?\"><img class=\"emojioneemoji\" src=\"https:\/\/cdn.jsdelivr.net\/emojione\/assets\/4.0\/png\/32\/1f60d.png\" alt=\"?\">!<\/p>\n<p>Hoje \u00e9 dia de homenagear os condutores que est\u00e3o conosco desde 2014 e 2013!&nbsp;<img class=\"emojioneemoji\" src=\"https:\/\/cdn.jsdelivr.net\/emojione\/assets\/4.0\/png\/32\/1f68c.png\" alt=\"?\"><\/p>\n<p>*Feliz dia do Profissional do Transporte!*<\/p>\n<div>&nbsp;<\/div>\n<p>#profissionaldotransporte #motorista #cobrador #conduzvidas #homenagem<\/p>\n","protected":false},"excerpt":{"rendered":"<p>O Dia do Profissional do Transporte est\u00e1 chegando! Hoje \u00e9 dia de homenagear os condutores que est\u00e3o conosco desde 2014 e 2013!&nbsp; *Feliz dia do Profissional do Transporte!* &nbsp; #profissionaldotransporte #motorista #cobrador #conduzvidas #homenagem<\/p>\n","protected":false},"author":1,"featured_media":6853,"comment_status":"open","ping_status":"open","sticky":false,"template":"","format":"standard","meta":{"_mi_skip_tracking":false,"_monsterinsights_sitenote_active":false,"_monsterinsights_sitenote_note":"","_monsterinsights_sitenote_category":0,"ngg_post_thumbnail":0},"categories":[12,3],"tags":[652],"_links":{"self":[{"href":"http:\/\/viacaofortaleza.com.br\/index.php\/wp-json\/wp\/v2\/posts\/6852"}],"collection":[{"href":"http:\/\/viacaofortaleza.com.br\/index.php\/wp-json\/wp\/v2\/posts"}],"about":[{"href":"http:\/\/viacaofortaleza.com.br\/index.php\/wp-json\/wp\/v2\/types\/post"}],"author":[{"embeddable":true,"href":"http:\/\/viacaofortaleza.com.br\/index.php\/wp-json\/wp\/v2\/users\/1"}],"replies":[{"embeddable":true,"href":"http:\/\/viacaofortaleza.com.br\/index.php\/wp-json\/wp\/v2\/comments?post=6852"}],"version-history":[{"count":1,"href":"http:\/\/viacaofortaleza.com.br\/index.php\/wp-json\/wp\/v2\/posts\/6852\/revisions"}],"predecessor-version":[{"id":6854,"href":"http:\/\/viacaofortaleza.com.br\/index.php\/wp-json\/wp\/v2\/posts\/6852\/revisions\/6854"}],"wp:featuredmedia":[{"embeddable":true,"href":"http:\/\/viacaofortaleza.com.br\/index.php\/wp-json\/wp\/v2\/media\/6853"}],"wp:attachment":[{"href":"http:\/\/viacaofortaleza.com.br\/index.php\/wp-json\/wp\/v2\/media?parent=6852"}],"wp:term":[{"taxonomy":"category","embeddable":true,"href":"http:\/\/viacaofortaleza.com.br\/index.php\/wp-json\/wp\/v2\/categories?post=6852"},{"taxonomy":"post_tag","embeddable":true,"href":"http:\/\/viacaofortaleza.com.br\/index.php\/wp-json\/wp\/v2\/tags?post=6852"}],"curies":[{"name":"wp","href":"https:\/\/api.w.org\/{rel}","templated":true}]}}