{"id":6855,"date":"2020-07-21T10:00:27","date_gmt":"2020-07-21T13:00:27","guid":{"rendered":"http:\/\/viacaofortaleza.com.br\/?p=6855"},"modified":"2020-07-09T10:36:43","modified_gmt":"2020-07-09T13:36:43","slug":"dia-do-profissional-do-transporte-condutores-desde-2012-2011-2010-2009-e-2008","status":"publish","type":"post","link":"http:\/\/viacaofortaleza.com.br\/index.php\/2020\/07\/21\/dia-do-profissional-do-transporte-condutores-desde-2012-2011-2010-2009-e-2008\/","title":{"rendered":"Dia do Profissional do Transporte &#8211; Condutores desde 2012, 2011, 2010, 2009 e 2008"},"content":{"rendered":"<p>O Dia do Profissional do Transporte est\u00e1 chegando<img class=\"emojioneemoji\" src=\"https:\/\/cdn.jsdelivr.net\/emojione\/assets\/4.0\/png\/32\/1f44f.png\" alt=\"?\"><img class=\"emojioneemoji\" src=\"https:\/\/cdn.jsdelivr.net\/emojione\/assets\/4.0\/png\/32\/1f60d.png\" alt=\"?\">!<\/p>\n<p>Chegou a vez dos condutores que est\u00e3o conosco desde 2012, 2011, 2010, 2009 e 2008 ser\u00e3o homenageados!&nbsp;<img class=\"emojioneemoji\" src=\"https:\/\/cdn.jsdelivr.net\/emojione\/assets\/4.0\/png\/32\/1f60a.png\" alt=\"?\"><\/p>\n<p>*Feliz dia do Profissional do Transporte!*<img class=\"emojioneemoji\" src=\"https:\/\/cdn.jsdelivr.net\/emojione\/assets\/4.0\/png\/32\/1f68c.png\" alt=\"?\"><\/p>\n<p>#profissionaldotransporte #motorista #cobrador #conduzvidas #homenagem<\/p>\n","protected":false},"excerpt":{"rendered":"<p>O Dia do Profissional do Transporte est\u00e1 chegando! Chegou a vez dos condutores que est\u00e3o conosco desde 2012, 2011, 2010, 2009 e 2008 ser\u00e3o homenageados!&nbsp; *Feliz dia do Profissional do Transporte!* #profissionaldotransporte #motorista #cobrador #conduzvidas #homenagem<\/p>\n","protected":false},"author":1,"featured_media":6857,"comment_status":"open","ping_status":"open","sticky":false,"template":"","format":"standard","meta":{"_mi_skip_tracking":false,"_monsterinsights_sitenote_active":false,"_monsterinsights_sitenote_note":"","_monsterinsights_sitenote_category":0,"ngg_post_thumbnail":0},"categories":[12,3],"tags":[656,655,654,653],"_links":{"self":[{"href":"http:\/\/viacaofortaleza.com.br\/index.php\/wp-json\/wp\/v2\/posts\/6855"}],"collection":[{"href":"http:\/\/viacaofortaleza.com.br\/index.php\/wp-json\/wp\/v2\/posts"}],"about":[{"href":"http:\/\/viacaofortaleza.com.br\/index.php\/wp-json\/wp\/v2\/types\/post"}],"author":[{"embeddable":true,"href":"http:\/\/viacaofortaleza.com.br\/index.php\/wp-json\/wp\/v2\/users\/1"}],"replies":[{"embeddable":true,"href":"http:\/\/viacaofortaleza.com.br\/index.php\/wp-json\/wp\/v2\/comments?post=6855"}],"version-history":[{"count":1,"href":"http:\/\/viacaofortaleza.com.br\/index.php\/wp-json\/wp\/v2\/posts\/6855\/revisions"}],"predecessor-version":[{"id":6858,"href":"http:\/\/viacaofortaleza.com.br\/index.php\/wp-json\/wp\/v2\/posts\/6855\/revisions\/6858"}],"wp:featuredmedia":[{"embeddable":true,"href":"http:\/\/viacaofortaleza.com.br\/index.php\/wp-json\/wp\/v2\/media\/6857"}],"wp:attachment":[{"href":"http:\/\/viacaofortaleza.com.br\/index.php\/wp-json\/wp\/v2\/media?parent=6855"}],"wp:term":[{"taxonomy":"category","embeddable":true,"href":"http:\/\/viacaofortaleza.com.br\/index.php\/wp-json\/wp\/v2\/categories?post=6855"},{"taxonomy":"post_tag","embeddable":true,"href":"http:\/\/viacaofortaleza.com.br\/index.php\/wp-json\/wp\/v2\/tags?post=6855"}],"curies":[{"name":"wp","href":"https:\/\/api.w.org\/{rel}","templated":true}]}}