{"id":6863,"date":"2020-07-09T13:00:33","date_gmt":"2020-07-09T16:00:33","guid":{"rendered":"http:\/\/viacaofortaleza.com.br\/?p=6863"},"modified":"2020-07-09T11:25:13","modified_gmt":"2020-07-09T14:25:13","slug":"live-tabus-no-comportamento-masculino","status":"publish","type":"post","link":"http:\/\/viacaofortaleza.com.br\/index.php\/2020\/07\/09\/live-tabus-no-comportamento-masculino\/","title":{"rendered":"Live &#8211; Tabus no Comportamento Masculino"},"content":{"rendered":"<div style=\"color: #555555; font-family: Arial, 'Helvetica Neue', Helvetica, sans-serif; font-size: 14px; background-color: #ffffff;\">&gt;COMPARTILHANDO&lt;<\/div>\n<div style=\"color: #555555; font-family: Arial, 'Helvetica Neue', Helvetica, sans-serif; font-size: 14px; background-color: #ffffff;\">&nbsp;<\/div>\n<div style=\"color: #555555; font-family: Arial, 'Helvetica Neue', Helvetica, sans-serif; font-size: 14px; background-color: #ffffff;\">O Sindi\u00f4nibus em parceria com o Sest\/Senat, convida a todos para uma conversa sobre tabus no comportamento masculino.<\/div>\n<div style=\"color: #555555; font-family: Arial, 'Helvetica Neue', Helvetica, sans-serif; font-size: 14px; background-color: #ffffff;\">\n<div>&nbsp;<\/div>\n<p>Essa conversa ser\u00e1 por meio de uma live, com a participa\u00e7\u00e3o do presidente do Sindi\u00f4nibus, Dimas Barreira e o Psic\u00f3logo do Sest\/Senat, Alexandre Santiago.<\/p>\n<div>&nbsp;<\/div>\n<p>Envie sua pergunta antecipadamente aqui nos coment\u00e1rios.<\/p>\n<div>&nbsp;<\/div>\n<p><img class=\"emojioneemoji\" style=\"border: 0px; font-size: inherit; height: 3ex; width: auto; min-height: 20px; min-width: 20px; display: inline-block; margin: -0.2ex 0.15em 0.2ex; line-height: normal; vertical-align: middle; top: 0px;\" src=\"https:\/\/cdn.jsdelivr.net\/emojione\/assets\/4.0\/png\/32\/1f4cd.png\" alt=\"?\">Marque na agenda para acompanhar a live no dia 15\/07, \u00e0s 16h, pelo Instagram @sindionibus.<\/p>\n<div>&nbsp;<\/div>\n<p>Sindi\u00f4nibus, Moderno e Coletivo.<\/p><\/div>\n","protected":false},"excerpt":{"rendered":"<p>&gt;COMPARTILHANDO&lt; &nbsp; O Sindi\u00f4nibus em parceria com o Sest\/Senat, convida a todos para uma conversa sobre tabus no comportamento masculino. &nbsp; Essa conversa ser\u00e1 por meio de uma live, com a participa\u00e7\u00e3o do presidente do Sindi\u00f4nibus, Dimas Barreira e o Psic\u00f3logo do Sest\/Senat, Alexandre Santiago. &nbsp; Envie sua pergunta antecipadamente aqui nos coment\u00e1rios. &nbsp; Marque&hellip; <br \/> <a class=\"read-more\" href=\"http:\/\/viacaofortaleza.com.br\/index.php\/2020\/07\/09\/live-tabus-no-comportamento-masculino\/\">Leia mais<\/a><\/p>\n","protected":false},"author":1,"featured_media":6865,"comment_status":"open","ping_status":"open","sticky":false,"template":"","format":"standard","meta":{"_mi_skip_tracking":false,"_monsterinsights_sitenote_active":false,"_monsterinsights_sitenote_note":"","_monsterinsights_sitenote_category":0,"ngg_post_thumbnail":0},"categories":[1],"tags":[674],"_links":{"self":[{"href":"http:\/\/viacaofortaleza.com.br\/index.php\/wp-json\/wp\/v2\/posts\/6863"}],"collection":[{"href":"http:\/\/viacaofortaleza.com.br\/index.php\/wp-json\/wp\/v2\/posts"}],"about":[{"href":"http:\/\/viacaofortaleza.com.br\/index.php\/wp-json\/wp\/v2\/types\/post"}],"author":[{"embeddable":true,"href":"http:\/\/viacaofortaleza.com.br\/index.php\/wp-json\/wp\/v2\/users\/1"}],"replies":[{"embeddable":true,"href":"http:\/\/viacaofortaleza.com.br\/index.php\/wp-json\/wp\/v2\/comments?post=6863"}],"version-history":[{"count":1,"href":"http:\/\/viacaofortaleza.com.br\/index.php\/wp-json\/wp\/v2\/posts\/6863\/revisions"}],"predecessor-version":[{"id":6866,"href":"http:\/\/viacaofortaleza.com.br\/index.php\/wp-json\/wp\/v2\/posts\/6863\/revisions\/6866"}],"wp:featuredmedia":[{"embeddable":true,"href":"http:\/\/viacaofortaleza.com.br\/index.php\/wp-json\/wp\/v2\/media\/6865"}],"wp:attachment":[{"href":"http:\/\/viacaofortaleza.com.br\/index.php\/wp-json\/wp\/v2\/media?parent=6863"}],"wp:term":[{"taxonomy":"category","embeddable":true,"href":"http:\/\/viacaofortaleza.com.br\/index.php\/wp-json\/wp\/v2\/categories?post=6863"},{"taxonomy":"post_tag","embeddable":true,"href":"http:\/\/viacaofortaleza.com.br\/index.php\/wp-json\/wp\/v2\/tags?post=6863"}],"curies":[{"name":"wp","href":"https:\/\/api.w.org\/{rel}","templated":true}]}}