{"id":6871,"date":"2020-07-16T10:00:51","date_gmt":"2020-07-16T13:00:51","guid":{"rendered":"http:\/\/viacaofortaleza.com.br\/?p=6871"},"modified":"2020-07-15T08:39:02","modified_gmt":"2020-07-15T11:39:02","slug":"projeto-transportando-saude-nas-cidades","status":"publish","type":"post","link":"http:\/\/viacaofortaleza.com.br\/index.php\/2020\/07\/16\/projeto-transportando-saude-nas-cidades\/","title":{"rendered":"Projeto Transportando Sa\u00fade nas Cidades"},"content":{"rendered":"<p><span style=\"color: #555555; font-family: Arial, 'Helvetica Neue', Helvetica, sans-serif; font-size: 14px; background-color: #ffffff;\">&gt;COMPARTILHANDO&lt;&nbsp;<\/span><\/p>\n<div style=\"color: #555555; font-family: Arial, 'Helvetica Neue', Helvetica, sans-serif; font-size: 14px; background-color: #ffffff;\">&nbsp;<\/div>\n<div style=\"color: #555555; font-family: Arial, 'Helvetica Neue', Helvetica, sans-serif; font-size: 14px; background-color: #ffffff;\">O SEST SENAT Fortaleza realizar\u00e1 nos dias 21, 22 e 23 de julho o Projeto Transportando Sa\u00fade nas Cidades que tem por objetivo conscientizar os motoristas de transportes Coletivo sobre a preven\u00e7\u00e3o de acidentes de tr\u00e2nsito, com orienta\u00e7\u00f5es sobre sa\u00fade e qualidade de vida.<\/div>\n<div style=\"color: #555555; font-family: Arial, 'Helvetica Neue', Helvetica, sans-serif; font-size: 14px; background-color: #ffffff;\">&nbsp;<\/div>\n<div style=\"color: #555555; font-family: Arial, 'Helvetica Neue', Helvetica, sans-serif; font-size: 14px; background-color: #ffffff;\">O evento \u00e9 gratuito. Participe!!! Informa\u00e7\u00f5es e Inscri\u00e7\u00e3o (85) 3304-4109.<\/div>\n<div style=\"color: #555555; font-family: Arial, 'Helvetica Neue', Helvetica, sans-serif; font-size: 14px; background-color: #ffffff;\">&nbsp;<\/div>\n<div style=\"color: #555555; font-family: Arial, 'Helvetica Neue', Helvetica, sans-serif; font-size: 14px; background-color: #ffffff;\">#sestsenat #transportandosa\u00fade&nbsp;<\/div>\n","protected":false},"excerpt":{"rendered":"<p>&gt;COMPARTILHANDO&lt;&nbsp; &nbsp; O SEST SENAT Fortaleza realizar\u00e1 nos dias 21, 22 e 23 de julho o Projeto Transportando Sa\u00fade nas Cidades que tem por objetivo conscientizar os motoristas de transportes Coletivo sobre a preven\u00e7\u00e3o de acidentes de tr\u00e2nsito, com orienta\u00e7\u00f5es sobre sa\u00fade e qualidade de vida. &nbsp; O evento \u00e9 gratuito. Participe!!! Informa\u00e7\u00f5es e Inscri\u00e7\u00e3o&hellip; <br \/> <a class=\"read-more\" href=\"http:\/\/viacaofortaleza.com.br\/index.php\/2020\/07\/16\/projeto-transportando-saude-nas-cidades\/\">Leia mais<\/a><\/p>\n","protected":false},"author":1,"featured_media":6873,"comment_status":"open","ping_status":"open","sticky":false,"template":"","format":"standard","meta":{"_mi_skip_tracking":false,"_monsterinsights_sitenote_active":false,"_monsterinsights_sitenote_note":"","_monsterinsights_sitenote_category":0,"ngg_post_thumbnail":0},"categories":[12],"tags":[675],"_links":{"self":[{"href":"http:\/\/viacaofortaleza.com.br\/index.php\/wp-json\/wp\/v2\/posts\/6871"}],"collection":[{"href":"http:\/\/viacaofortaleza.com.br\/index.php\/wp-json\/wp\/v2\/posts"}],"about":[{"href":"http:\/\/viacaofortaleza.com.br\/index.php\/wp-json\/wp\/v2\/types\/post"}],"author":[{"embeddable":true,"href":"http:\/\/viacaofortaleza.com.br\/index.php\/wp-json\/wp\/v2\/users\/1"}],"replies":[{"embeddable":true,"href":"http:\/\/viacaofortaleza.com.br\/index.php\/wp-json\/wp\/v2\/comments?post=6871"}],"version-history":[{"count":1,"href":"http:\/\/viacaofortaleza.com.br\/index.php\/wp-json\/wp\/v2\/posts\/6871\/revisions"}],"predecessor-version":[{"id":6874,"href":"http:\/\/viacaofortaleza.com.br\/index.php\/wp-json\/wp\/v2\/posts\/6871\/revisions\/6874"}],"wp:featuredmedia":[{"embeddable":true,"href":"http:\/\/viacaofortaleza.com.br\/index.php\/wp-json\/wp\/v2\/media\/6873"}],"wp:attachment":[{"href":"http:\/\/viacaofortaleza.com.br\/index.php\/wp-json\/wp\/v2\/media?parent=6871"}],"wp:term":[{"taxonomy":"category","embeddable":true,"href":"http:\/\/viacaofortaleza.com.br\/index.php\/wp-json\/wp\/v2\/categories?post=6871"},{"taxonomy":"post_tag","embeddable":true,"href":"http:\/\/viacaofortaleza.com.br\/index.php\/wp-json\/wp\/v2\/tags?post=6871"}],"curies":[{"name":"wp","href":"https:\/\/api.w.org\/{rel}","templated":true}]}}