{"id":6888,"date":"2020-07-17T11:00:08","date_gmt":"2020-07-17T14:00:08","guid":{"rendered":"http:\/\/viacaofortaleza.com.br\/?p=6888"},"modified":"2020-07-17T08:52:33","modified_gmt":"2020-07-17T11:52:33","slug":"projeto-transportando-saude-nas-cidades-2","status":"publish","type":"post","link":"http:\/\/viacaofortaleza.com.br\/index.php\/2020\/07\/17\/projeto-transportando-saude-nas-cidades-2\/","title":{"rendered":"Projeto Transportando Sa\u00fade nas Cidades"},"content":{"rendered":"<p>&gt; COMPARTILHANDO &lt;<\/p>\n<div><img loading=\"lazy\" class=\"emojioneemoji\" src=\"https:\/\/cdn.jsdelivr.net\/emojione\/assets\/4.0\/png\/32\/25b6.png\" alt=\"\u25b6\" width=\"21\" height=\"21\">Na semana que vem, o Projeto Transportando Sa\u00fade nas Cidades iniciar\u00e1 a fase \u00f4nibus. O SEST SENAT vai levar atendimentos de sa\u00fade a motoristas do transporte coletivo em terminais e empresas em munic\u00edpios de 13 estados.<\/div>\n<div>&nbsp;<\/div>\n<div>\n<div><img loading=\"lazy\" class=\"emojioneemoji\" src=\"https:\/\/cdn.jsdelivr.net\/emojione\/assets\/4.0\/png\/32\/25b6.png\" alt=\"\u25b6\" width=\"21\" height=\"21\">Veja o calend\u00e1rio de Fortaleza e participe!<\/p>\n<div>Fortaleza-CE&nbsp; &nbsp;&nbsp;<br \/>\n<img loading=\"lazy\" class=\"emojioneemoji\" src=\"https:\/\/cdn.jsdelivr.net\/emojione\/assets\/4.0\/png\/32\/25b6.png\" alt=\"\u25b6\" width=\"21\" height=\"21\">21\/jul &#8211; Unidade SEST SENAT de Fortaleza\/CE &#8211; das 8h30 \u00e0s 11h30 e das 14h \u00e0s 17h<\/p>\n<div>&nbsp;<\/div>\n<p><img loading=\"lazy\" class=\"emojioneemoji\" src=\"https:\/\/cdn.jsdelivr.net\/emojione\/assets\/4.0\/png\/32\/25b6.png\" alt=\"\u25b6\" width=\"21\" height=\"21\">22\/jul &#8211; Unidade SEST SENAT de Fortaleza\/CE &#8211; das 8h30 \u00e0s 11h30 e das 14h \u00e0s 17h<\/p>\n<div>&nbsp;<\/div>\n<p><img loading=\"lazy\" class=\"emojioneemoji\" src=\"https:\/\/cdn.jsdelivr.net\/emojione\/assets\/4.0\/png\/32\/25b6.png\" alt=\"\u25b6\" width=\"21\" height=\"21\">23\/jul &#8211; Unidade SEST SENAT de Fortaleza\/CE &#8211; das 8h30 \u00e0s 11h30 e das 14h \u00e0s 17h<\/div>\n<\/div>\n<\/div>\n<div>&nbsp;<\/div>\n<div>#sestsenat #programatransportandosa\u00fade #sa\u00fade #motoristas<\/div>\n","protected":false},"excerpt":{"rendered":"<p>&gt; COMPARTILHANDO &lt; Na semana que vem, o Projeto Transportando Sa\u00fade nas Cidades iniciar\u00e1 a fase \u00f4nibus. O SEST SENAT vai levar atendimentos de sa\u00fade a motoristas do transporte coletivo em terminais e empresas em munic\u00edpios de 13 estados. &nbsp; Veja o calend\u00e1rio de Fortaleza e participe! Fortaleza-CE&nbsp; &nbsp;&nbsp; 21\/jul &#8211; Unidade SEST SENAT de&hellip; <br \/> <a class=\"read-more\" href=\"http:\/\/viacaofortaleza.com.br\/index.php\/2020\/07\/17\/projeto-transportando-saude-nas-cidades-2\/\">Leia mais<\/a><\/p>\n","protected":false},"author":1,"featured_media":6890,"comment_status":"open","ping_status":"open","sticky":false,"template":"","format":"standard","meta":{"_mi_skip_tracking":false,"_monsterinsights_sitenote_active":false,"_monsterinsights_sitenote_note":"","_monsterinsights_sitenote_category":0,"ngg_post_thumbnail":0},"categories":[12,1],"tags":[675],"_links":{"self":[{"href":"http:\/\/viacaofortaleza.com.br\/index.php\/wp-json\/wp\/v2\/posts\/6888"}],"collection":[{"href":"http:\/\/viacaofortaleza.com.br\/index.php\/wp-json\/wp\/v2\/posts"}],"about":[{"href":"http:\/\/viacaofortaleza.com.br\/index.php\/wp-json\/wp\/v2\/types\/post"}],"author":[{"embeddable":true,"href":"http:\/\/viacaofortaleza.com.br\/index.php\/wp-json\/wp\/v2\/users\/1"}],"replies":[{"embeddable":true,"href":"http:\/\/viacaofortaleza.com.br\/index.php\/wp-json\/wp\/v2\/comments?post=6888"}],"version-history":[{"count":1,"href":"http:\/\/viacaofortaleza.com.br\/index.php\/wp-json\/wp\/v2\/posts\/6888\/revisions"}],"predecessor-version":[{"id":6891,"href":"http:\/\/viacaofortaleza.com.br\/index.php\/wp-json\/wp\/v2\/posts\/6888\/revisions\/6891"}],"wp:featuredmedia":[{"embeddable":true,"href":"http:\/\/viacaofortaleza.com.br\/index.php\/wp-json\/wp\/v2\/media\/6890"}],"wp:attachment":[{"href":"http:\/\/viacaofortaleza.com.br\/index.php\/wp-json\/wp\/v2\/media?parent=6888"}],"wp:term":[{"taxonomy":"category","embeddable":true,"href":"http:\/\/viacaofortaleza.com.br\/index.php\/wp-json\/wp\/v2\/categories?post=6888"},{"taxonomy":"post_tag","embeddable":true,"href":"http:\/\/viacaofortaleza.com.br\/index.php\/wp-json\/wp\/v2\/tags?post=6888"}],"curies":[{"name":"wp","href":"https:\/\/api.w.org\/{rel}","templated":true}]}}