{"id":691,"date":"2018-06-08T16:37:01","date_gmt":"2018-06-08T19:37:01","guid":{"rendered":"http:\/\/viacaofortaleza.com.br\/?p=691"},"modified":"2018-06-08T16:37:01","modified_gmt":"2018-06-08T19:37:01","slug":"projeto-amigo-da-comunidade-viacao-fortaleza","status":"publish","type":"post","link":"http:\/\/viacaofortaleza.com.br\/index.php\/2018\/06\/08\/projeto-amigo-da-comunidade-viacao-fortaleza\/","title":{"rendered":"Projeto Amigo da Comunidade &#8211; Via\u00e7\u00e3o Fortaleza"},"content":{"rendered":"<p>Prezando pela parceria ao Projeto Amigo da Comunidade, a Auto Via\u00e7\u00e3o Fortaleza, sempre contribuindo com a\u00e7\u00f5es e projetos sociais, cedeu um de seus \u00f4nibus para o transporte das crian\u00e7as da Revarte &#8211; Resgate dos Valores pela Arte, para uma apresenta\u00e7\u00e3o em comemora\u00e7\u00e3o ao dia das m\u00e3es.<\/p>\n<p>Um projeto social-cultural e comunit\u00e1rio que fez uma linda apresenta\u00e7\u00e3o musical para as m\u00e3es moradoras do Condom\u00ednio Columbia, no bairro Papicu. Agradecemos a parceria com nossa empresa e informamo<span class=\"text_exposed_show\">s que estamos sempre a disposi\u00e7\u00e3o para apoiar a comunidade.<\/span><\/p>\n<div class=\"text_exposed_show\">\n<p>Via\u00e7\u00e3o Fortaleza<br \/>\nFortalecendo o aprendizado e o entendimento para a melhoria cont\u00ednua<img loading=\"lazy\" class=\"aligncenter size-medium wp-image-693\" src=\"http:\/\/viacaofortaleza.com.br\/wp-content\/uploads\/2018\/06\/32498260_1612119535552653_6567935195306000384_o-300x225.jpg\" alt=\"\" width=\"300\" height=\"225\" srcset=\"http:\/\/viacaofortaleza.com.br\/wp-content\/uploads\/2018\/06\/32498260_1612119535552653_6567935195306000384_o-300x225.jpg 300w, http:\/\/viacaofortaleza.com.br\/wp-content\/uploads\/2018\/06\/32498260_1612119535552653_6567935195306000384_o-768x576.jpg 768w, http:\/\/viacaofortaleza.com.br\/wp-content\/uploads\/2018\/06\/32498260_1612119535552653_6567935195306000384_o-1024x768.jpg 1024w, http:\/\/viacaofortaleza.com.br\/wp-content\/uploads\/2018\/06\/32498260_1612119535552653_6567935195306000384_o-1440x1080.jpg 1440w, http:\/\/viacaofortaleza.com.br\/wp-content\/uploads\/2018\/06\/32498260_1612119535552653_6567935195306000384_o.jpg 2048w\" sizes=\"(max-width: 300px) 100vw, 300px\" \/> <img loading=\"lazy\" class=\"aligncenter size-medium wp-image-692\" src=\"http:\/\/viacaofortaleza.com.br\/wp-content\/uploads\/2018\/06\/32440599_1612119518885988_2158368280539037696_o-300x225.jpg\" alt=\"\" width=\"300\" height=\"225\" srcset=\"http:\/\/viacaofortaleza.com.br\/wp-content\/uploads\/2018\/06\/32440599_1612119518885988_2158368280539037696_o-300x225.jpg 300w, http:\/\/viacaofortaleza.com.br\/wp-content\/uploads\/2018\/06\/32440599_1612119518885988_2158368280539037696_o-768x576.jpg 768w, http:\/\/viacaofortaleza.com.br\/wp-content\/uploads\/2018\/06\/32440599_1612119518885988_2158368280539037696_o-1024x768.jpg 1024w, http:\/\/viacaofortaleza.com.br\/wp-content\/uploads\/2018\/06\/32440599_1612119518885988_2158368280539037696_o-1440x1080.jpg 1440w, http:\/\/viacaofortaleza.com.br\/wp-content\/uploads\/2018\/06\/32440599_1612119518885988_2158368280539037696_o.jpg 2048w\" sizes=\"(max-width: 300px) 100vw, 300px\" \/>.<\/p>\n<\/div>\n","protected":false},"excerpt":{"rendered":"<p>Prezando pela parceria ao Projeto Amigo da Comunidade, a Auto Via\u00e7\u00e3o Fortaleza, sempre contribuindo com a\u00e7\u00f5es e projetos sociais, cedeu um de seus \u00f4nibus para o transporte das crian\u00e7as da Revarte &#8211; Resgate dos Valores pela Arte, para uma apresenta\u00e7\u00e3o em comemora\u00e7\u00e3o ao dia das m\u00e3es. Um projeto social-cultural e comunit\u00e1rio que fez uma linda&hellip; <br \/> <a class=\"read-more\" href=\"http:\/\/viacaofortaleza.com.br\/index.php\/2018\/06\/08\/projeto-amigo-da-comunidade-viacao-fortaleza\/\">Leia mais<\/a><\/p>\n","protected":false},"author":1,"featured_media":694,"comment_status":"open","ping_status":"open","sticky":false,"template":"","format":"standard","meta":{"_mi_skip_tracking":false,"_monsterinsights_sitenote_active":false,"_monsterinsights_sitenote_note":"","_monsterinsights_sitenote_category":0,"ngg_post_thumbnail":0},"categories":[9],"tags":[32,31],"_links":{"self":[{"href":"http:\/\/viacaofortaleza.com.br\/index.php\/wp-json\/wp\/v2\/posts\/691"}],"collection":[{"href":"http:\/\/viacaofortaleza.com.br\/index.php\/wp-json\/wp\/v2\/posts"}],"about":[{"href":"http:\/\/viacaofortaleza.com.br\/index.php\/wp-json\/wp\/v2\/types\/post"}],"author":[{"embeddable":true,"href":"http:\/\/viacaofortaleza.com.br\/index.php\/wp-json\/wp\/v2\/users\/1"}],"replies":[{"embeddable":true,"href":"http:\/\/viacaofortaleza.com.br\/index.php\/wp-json\/wp\/v2\/comments?post=691"}],"version-history":[{"count":1,"href":"http:\/\/viacaofortaleza.com.br\/index.php\/wp-json\/wp\/v2\/posts\/691\/revisions"}],"predecessor-version":[{"id":695,"href":"http:\/\/viacaofortaleza.com.br\/index.php\/wp-json\/wp\/v2\/posts\/691\/revisions\/695"}],"wp:featuredmedia":[{"embeddable":true,"href":"http:\/\/viacaofortaleza.com.br\/index.php\/wp-json\/wp\/v2\/media\/694"}],"wp:attachment":[{"href":"http:\/\/viacaofortaleza.com.br\/index.php\/wp-json\/wp\/v2\/media?parent=691"}],"wp:term":[{"taxonomy":"category","embeddable":true,"href":"http:\/\/viacaofortaleza.com.br\/index.php\/wp-json\/wp\/v2\/categories?post=691"},{"taxonomy":"post_tag","embeddable":true,"href":"http:\/\/viacaofortaleza.com.br\/index.php\/wp-json\/wp\/v2\/tags?post=691"}],"curies":[{"name":"wp","href":"https:\/\/api.w.org\/{rel}","templated":true}]}}