{"id":6910,"date":"2020-07-25T09:00:28","date_gmt":"2020-07-25T12:00:28","guid":{"rendered":"http:\/\/viacaofortaleza.com.br\/?p=6910"},"modified":"2020-07-22T11:34:32","modified_gmt":"2020-07-22T14:34:32","slug":"dia-do-profissional-do-trafego","status":"publish","type":"post","link":"http:\/\/viacaofortaleza.com.br\/index.php\/2020\/07\/25\/dia-do-profissional-do-trafego\/","title":{"rendered":"Dia do Profissional do Tr\u00e1fego"},"content":{"rendered":"<div>25 de junho &#8211; Dia do Profissional do Tr\u00e1fego<\/div>\n<p>Hoje \u00e9 dia de parabenizar todos aqueles que&nbsp;planejam, monitoram, supervisionam e fiscalizam as rotas&nbsp;do transporte de Fortaleza.&nbsp;<img class=\"emojioneemoji\" src=\"https:\/\/cdn.jsdelivr.net\/emojione\/assets\/4.0\/png\/32\/1f68c.png\" alt=\"?\"><img class=\"emojioneemoji\" src=\"https:\/\/cdn.jsdelivr.net\/emojione\/assets\/4.0\/png\/32\/1f697.png\" alt=\"?\"><img class=\"emojioneemoji\" src=\"https:\/\/cdn.jsdelivr.net\/emojione\/assets\/4.0\/png\/32\/1f3cd.png\" alt=\"?\"><\/p>\n<p>Nossa gratid\u00e3o \u00e1 voc\u00eas: Marisa, Meneses, Angelina, Heberth,&nbsp;Elias, Aron, Keliane, Roberto Vitor, Natanel, Francisco, Charles,Kleber, Raimundo, Genilson, Breno, Alex, Nogueira, Prado, Damasceno, Mateus e Vin\u00edcius.&nbsp;<img loading=\"lazy\" class=\"emojioneemoji\" src=\"https:\/\/cdn.jsdelivr.net\/emojione\/assets\/4.0\/png\/32\/1f44f.png\" alt=\"?\" width=\"19\" height=\"19\"><\/p>\n<p>A dedica\u00e7\u00e3o de voc\u00eas mant\u00e9m nossas linhas e rotas sempre em harmonia!&nbsp;Feliz Dia do Profissional do Tr\u00e1fego!<\/p>\n<p>#diadotr\u00e1fego #tr\u00e1fego #rotas<\/p>\n","protected":false},"excerpt":{"rendered":"<p>25 de junho &#8211; Dia do Profissional do Tr\u00e1fego Hoje \u00e9 dia de parabenizar todos aqueles que&nbsp;planejam, monitoram, supervisionam e fiscalizam as rotas&nbsp;do transporte de Fortaleza.&nbsp; Nossa gratid\u00e3o \u00e1 voc\u00eas: Marisa, Meneses, Angelina, Heberth,&nbsp;Elias, Aron, Keliane, Roberto Vitor, Natanel, Francisco, Charles,Kleber, Raimundo, Genilson, Breno, Alex, Nogueira, Prado, Damasceno, Mateus e Vin\u00edcius.&nbsp; A dedica\u00e7\u00e3o de voc\u00eas&hellip; <br \/> <a class=\"read-more\" href=\"http:\/\/viacaofortaleza.com.br\/index.php\/2020\/07\/25\/dia-do-profissional-do-trafego\/\">Leia mais<\/a><\/p>\n","protected":false},"author":1,"featured_media":6911,"comment_status":"open","ping_status":"open","sticky":false,"template":"","format":"standard","meta":{"_mi_skip_tracking":false,"_monsterinsights_sitenote_active":false,"_monsterinsights_sitenote_note":"","_monsterinsights_sitenote_category":0,"ngg_post_thumbnail":0},"categories":[3],"tags":[678],"_links":{"self":[{"href":"http:\/\/viacaofortaleza.com.br\/index.php\/wp-json\/wp\/v2\/posts\/6910"}],"collection":[{"href":"http:\/\/viacaofortaleza.com.br\/index.php\/wp-json\/wp\/v2\/posts"}],"about":[{"href":"http:\/\/viacaofortaleza.com.br\/index.php\/wp-json\/wp\/v2\/types\/post"}],"author":[{"embeddable":true,"href":"http:\/\/viacaofortaleza.com.br\/index.php\/wp-json\/wp\/v2\/users\/1"}],"replies":[{"embeddable":true,"href":"http:\/\/viacaofortaleza.com.br\/index.php\/wp-json\/wp\/v2\/comments?post=6910"}],"version-history":[{"count":1,"href":"http:\/\/viacaofortaleza.com.br\/index.php\/wp-json\/wp\/v2\/posts\/6910\/revisions"}],"predecessor-version":[{"id":6912,"href":"http:\/\/viacaofortaleza.com.br\/index.php\/wp-json\/wp\/v2\/posts\/6910\/revisions\/6912"}],"wp:featuredmedia":[{"embeddable":true,"href":"http:\/\/viacaofortaleza.com.br\/index.php\/wp-json\/wp\/v2\/media\/6911"}],"wp:attachment":[{"href":"http:\/\/viacaofortaleza.com.br\/index.php\/wp-json\/wp\/v2\/media?parent=6910"}],"wp:term":[{"taxonomy":"category","embeddable":true,"href":"http:\/\/viacaofortaleza.com.br\/index.php\/wp-json\/wp\/v2\/categories?post=6910"},{"taxonomy":"post_tag","embeddable":true,"href":"http:\/\/viacaofortaleza.com.br\/index.php\/wp-json\/wp\/v2\/tags?post=6910"}],"curies":[{"name":"wp","href":"https:\/\/api.w.org\/{rel}","templated":true}]}}