{"id":6967,"date":"2020-08-27T08:00:52","date_gmt":"2020-08-27T11:00:52","guid":{"rendered":"http:\/\/viacaofortaleza.com.br\/?p=6967"},"modified":"2020-08-12T11:20:47","modified_gmt":"2020-08-12T14:20:47","slug":"dia-do-psicologo-3","status":"publish","type":"post","link":"http:\/\/viacaofortaleza.com.br\/index.php\/2020\/08\/27\/dia-do-psicologo-3\/","title":{"rendered":"Dia do Psic\u00f3logo"},"content":{"rendered":"<p><span style=\"color: #555555; font-family: Arial, 'Helvetica Neue', Helvetica, sans-serif; font-size: 14px; background-color: #ffffff;\">27.08 &#8211; Dia do Psic\u00f3logo<\/span><\/p>\n<p><span style=\"color: #555555; font-family: Arial, 'Helvetica Neue', Helvetica, sans-serif; font-size: 14px; background-color: #ffffff;\">Ser psic\u00f3logo \u00e9 ir al\u00e9m do que ser v\u00ea&#8230;<\/span><\/p>\n<p><span style=\"color: #555555; font-family: Arial, 'Helvetica Neue', Helvetica, sans-serif; font-size: 14px; background-color: #ffffff;\">\u00e9 abra\u00e7ar de forma acolhedora com o olhar,<\/span><\/p>\n<div style=\"color: #555555; font-family: Arial, 'Helvetica Neue', Helvetica, sans-serif; font-size: 14px; background-color: #ffffff;\">&nbsp;<\/div>\n<div style=\"color: #555555; font-family: Arial, 'Helvetica Neue', Helvetica, sans-serif; font-size: 14px; background-color: #ffffff;\">&nbsp;<\/div>\n<p><span style=\"color: #555555; font-family: Arial, 'Helvetica Neue', Helvetica, sans-serif; font-size: 14px; background-color: #ffffff;\">\u00e9 segurar a m\u00e3o atrav\u00e9s do ouvir,<\/span><\/p>\n<div style=\"color: #555555; font-family: Arial, 'Helvetica Neue', Helvetica, sans-serif; font-size: 14px; background-color: #ffffff;\">&nbsp;<\/div>\n<p><span style=\"color: #555555; font-family: Arial, 'Helvetica Neue', Helvetica, sans-serif; font-size: 14px; background-color: #ffffff;\">\u00e9 escutar sem julgar,<\/span><\/p>\n<div style=\"color: #555555; font-family: Arial, 'Helvetica Neue', Helvetica, sans-serif; font-size: 14px; background-color: #ffffff;\">&nbsp;<\/div>\n<p><span style=\"color: #555555; font-family: Arial, 'Helvetica Neue', Helvetica, sans-serif; font-size: 14px; background-color: #ffffff;\">\u00e9 acreditar na mudan\u00e7a,<\/span><\/p>\n<div style=\"color: #555555; font-family: Arial, 'Helvetica Neue', Helvetica, sans-serif; font-size: 14px; background-color: #ffffff;\">&nbsp;<\/div>\n<p><span style=\"color: #555555; font-family: Arial, 'Helvetica Neue', Helvetica, sans-serif; font-size: 14px; background-color: #ffffff;\">\u00e9 se importar&#8230;<\/span><\/p>\n<p><span style=\"color: #555555; font-family: Arial, 'Helvetica Neue', Helvetica, sans-serif; font-size: 14px; background-color: #ffffff;\">Esta \u00e9 uma singela homenagem a esses profissionais incr\u00edveis&nbsp;<\/span><span style=\"color: #555555; font-family: Arial, 'Helvetica Neue', Helvetica, sans-serif; font-size: 14px; background-color: #ffffff;\">que doam vida e esperan\u00e7a para cada um.&nbsp;<\/span><\/p>\n<div style=\"color: #555555; font-family: Arial, 'Helvetica Neue', Helvetica, sans-serif; font-size: 14px; background-color: #ffffff;\">Feliz dia do Psic\u00f3logo! Nossa gratid\u00e3o especial \u00e0s nossas psicos&nbsp;@izabelband e&nbsp;@luanalima._ !&nbsp;<\/div>\n<div style=\"color: #555555; font-family: Arial, 'Helvetica Neue', Helvetica, sans-serif; font-size: 14px; background-color: #ffffff;\">&nbsp;<\/div>\n<div style=\"color: #555555; font-family: Arial, 'Helvetica Neue', Helvetica, sans-serif; font-size: 14px; background-color: #ffffff;\">#psicologia #psicologas #ouvir #cuidar<\/p>\n<div>\n<div>\n<\/div>\n<\/div>\n<\/div>\n","protected":false},"excerpt":{"rendered":"<p>27.08 &#8211; Dia do Psic\u00f3logo Ser psic\u00f3logo \u00e9 ir al\u00e9m do que ser v\u00ea&#8230; \u00e9 abra\u00e7ar de forma acolhedora com o olhar, &nbsp; &nbsp; \u00e9 segurar a m\u00e3o atrav\u00e9s do ouvir, &nbsp; \u00e9 escutar sem julgar, &nbsp; \u00e9 acreditar na mudan\u00e7a, &nbsp; \u00e9 se importar&#8230; Esta \u00e9 uma singela homenagem a esses profissionais incr\u00edveis&nbsp;que doam&hellip; <br \/> <a class=\"read-more\" href=\"http:\/\/viacaofortaleza.com.br\/index.php\/2020\/08\/27\/dia-do-psicologo-3\/\">Leia mais<\/a><\/p>\n","protected":false},"author":1,"featured_media":6969,"comment_status":"open","ping_status":"open","sticky":false,"template":"","format":"standard","meta":{"_mi_skip_tracking":false,"_monsterinsights_sitenote_active":false,"_monsterinsights_sitenote_note":"","_monsterinsights_sitenote_category":0,"ngg_post_thumbnail":0},"categories":[3],"tags":[81],"_links":{"self":[{"href":"http:\/\/viacaofortaleza.com.br\/index.php\/wp-json\/wp\/v2\/posts\/6967"}],"collection":[{"href":"http:\/\/viacaofortaleza.com.br\/index.php\/wp-json\/wp\/v2\/posts"}],"about":[{"href":"http:\/\/viacaofortaleza.com.br\/index.php\/wp-json\/wp\/v2\/types\/post"}],"author":[{"embeddable":true,"href":"http:\/\/viacaofortaleza.com.br\/index.php\/wp-json\/wp\/v2\/users\/1"}],"replies":[{"embeddable":true,"href":"http:\/\/viacaofortaleza.com.br\/index.php\/wp-json\/wp\/v2\/comments?post=6967"}],"version-history":[{"count":1,"href":"http:\/\/viacaofortaleza.com.br\/index.php\/wp-json\/wp\/v2\/posts\/6967\/revisions"}],"predecessor-version":[{"id":6970,"href":"http:\/\/viacaofortaleza.com.br\/index.php\/wp-json\/wp\/v2\/posts\/6967\/revisions\/6970"}],"wp:featuredmedia":[{"embeddable":true,"href":"http:\/\/viacaofortaleza.com.br\/index.php\/wp-json\/wp\/v2\/media\/6969"}],"wp:attachment":[{"href":"http:\/\/viacaofortaleza.com.br\/index.php\/wp-json\/wp\/v2\/media?parent=6967"}],"wp:term":[{"taxonomy":"category","embeddable":true,"href":"http:\/\/viacaofortaleza.com.br\/index.php\/wp-json\/wp\/v2\/categories?post=6967"},{"taxonomy":"post_tag","embeddable":true,"href":"http:\/\/viacaofortaleza.com.br\/index.php\/wp-json\/wp\/v2\/tags?post=6967"}],"curies":[{"name":"wp","href":"https:\/\/api.w.org\/{rel}","templated":true}]}}