{"id":6983,"date":"2020-08-29T08:00:06","date_gmt":"2020-08-29T11:00:06","guid":{"rendered":"http:\/\/viacaofortaleza.com.br\/?p=6983"},"modified":"2020-08-19T11:01:41","modified_gmt":"2020-08-19T14:01:41","slug":"29-de-agosto-dia-nacional-de-combate-ao-fumo","status":"publish","type":"post","link":"http:\/\/viacaofortaleza.com.br\/index.php\/2020\/08\/29\/29-de-agosto-dia-nacional-de-combate-ao-fumo\/","title":{"rendered":"29 de agosto &#8211; Dia Nacional de Combate ao Fumo"},"content":{"rendered":"<p>29 de agosto &#8211; Dia Nacional de Combate ao Fumo<\/p>\n<p>Por quantos anos voc\u00ea ainda quer viver?<\/p>\n<p>O tabagismo \u00e9 a principal causa de morte evit\u00e1vel no mundo. N\u00e3o deixe sua sa\u00fade virar fuma\u00e7a, junte-se a n\u00f3s na luta contra o tabagismo!<\/p>\n<p>&nbsp;<\/p>\n<p>#combateaofumo #tabagismon\u00e3o #cigarron\u00e3o<\/p>\n","protected":false},"excerpt":{"rendered":"<p>29 de agosto &#8211; Dia Nacional de Combate ao Fumo Por quantos anos voc\u00ea ainda quer viver? O tabagismo \u00e9 a principal causa de morte evit\u00e1vel no mundo. N\u00e3o deixe sua sa\u00fade virar fuma\u00e7a, junte-se a n\u00f3s na luta contra o tabagismo! &nbsp; #combateaofumo #tabagismon\u00e3o #cigarron\u00e3o<\/p>\n","protected":false},"author":1,"featured_media":6984,"comment_status":"open","ping_status":"open","sticky":false,"template":"","format":"standard","meta":{"_mi_skip_tracking":false,"_monsterinsights_sitenote_active":false,"_monsterinsights_sitenote_note":"","_monsterinsights_sitenote_category":0,"ngg_post_thumbnail":0},"categories":[3],"tags":[85],"_links":{"self":[{"href":"http:\/\/viacaofortaleza.com.br\/index.php\/wp-json\/wp\/v2\/posts\/6983"}],"collection":[{"href":"http:\/\/viacaofortaleza.com.br\/index.php\/wp-json\/wp\/v2\/posts"}],"about":[{"href":"http:\/\/viacaofortaleza.com.br\/index.php\/wp-json\/wp\/v2\/types\/post"}],"author":[{"embeddable":true,"href":"http:\/\/viacaofortaleza.com.br\/index.php\/wp-json\/wp\/v2\/users\/1"}],"replies":[{"embeddable":true,"href":"http:\/\/viacaofortaleza.com.br\/index.php\/wp-json\/wp\/v2\/comments?post=6983"}],"version-history":[{"count":1,"href":"http:\/\/viacaofortaleza.com.br\/index.php\/wp-json\/wp\/v2\/posts\/6983\/revisions"}],"predecessor-version":[{"id":6985,"href":"http:\/\/viacaofortaleza.com.br\/index.php\/wp-json\/wp\/v2\/posts\/6983\/revisions\/6985"}],"wp:featuredmedia":[{"embeddable":true,"href":"http:\/\/viacaofortaleza.com.br\/index.php\/wp-json\/wp\/v2\/media\/6984"}],"wp:attachment":[{"href":"http:\/\/viacaofortaleza.com.br\/index.php\/wp-json\/wp\/v2\/media?parent=6983"}],"wp:term":[{"taxonomy":"category","embeddable":true,"href":"http:\/\/viacaofortaleza.com.br\/index.php\/wp-json\/wp\/v2\/categories?post=6983"},{"taxonomy":"post_tag","embeddable":true,"href":"http:\/\/viacaofortaleza.com.br\/index.php\/wp-json\/wp\/v2\/tags?post=6983"}],"curies":[{"name":"wp","href":"https:\/\/api.w.org\/{rel}","templated":true}]}}