{"id":6999,"date":"2020-09-01T08:00:21","date_gmt":"2020-09-01T11:00:21","guid":{"rendered":"http:\/\/viacaofortaleza.com.br\/?p=6999"},"modified":"2020-08-28T13:39:51","modified_gmt":"2020-08-28T16:39:51","slug":"setembro-amarelo-voce-sabe-o-que-e","status":"publish","type":"post","link":"http:\/\/viacaofortaleza.com.br\/index.php\/2020\/09\/01\/setembro-amarelo-voce-sabe-o-que-e\/","title":{"rendered":"Setembro Amarelo &#8211; Voc\u00ea sabe o que \u00e9?"},"content":{"rendered":"<p>Setembro chegou!<\/p>\n<p><img loading=\"lazy\" class=\"emojione\" title=\":yellow_heart:\" src=\"https:\/\/cdn.jsdelivr.net\/emojione\/assets\/4.0\/png\/32\/1f49b.png\" alt=\"?\" width=\"23\" height=\"23\">Voc\u00ea sabe o que \u00e9 o Setembro Amarelo?<\/p>\n<p>O Setembro Amarelo \u00e9 uma campanha iniciada pelo CVV (Centro de Valoriza\u00e7\u00e3o da Vida) que pretende dar mais visibilidade e orientar a maior quantidade poss\u00edvel de pessoas sobre a import\u00e2ncia de falar sobre o suic\u00eddio.<\/p>\n<p>Consiste em um olhar para a vida, o cuidado com o outro, suas dificuldades, problemas e conflitos que, muitas vezes,&nbsp;precisa lidar sozinho.&nbsp;<\/p>\n<div>\n<div><img loading=\"lazy\" class=\"emojioneemoji\" src=\"https:\/\/cdn.jsdelivr.net\/emojione\/assets\/4.0\/png\/32\/1f49b.png\" alt=\"?\" width=\"23\" height=\"23\">Voc\u00ea pode salvar uma vida.<\/div>\n<div>\n<div><img loading=\"lazy\" class=\"emojione\" title=\":yellow_heart:\" src=\"https:\/\/cdn.jsdelivr.net\/emojione\/assets\/4.0\/png\/32\/1f49b.png\" alt=\"?\" width=\"23\" height=\"23\">SEtembro AMARelo \u00e9 amar a vida.<\/p>\n<p>#eumeamo #sa\u00fademental #setembroamarelo #amaravida<\/p><\/div>\n<\/div>\n<\/div>\n","protected":false},"excerpt":{"rendered":"<p>Setembro chegou! Voc\u00ea sabe o que \u00e9 o Setembro Amarelo? O Setembro Amarelo \u00e9 uma campanha iniciada pelo CVV (Centro de Valoriza\u00e7\u00e3o da Vida) que pretende dar mais visibilidade e orientar a maior quantidade poss\u00edvel de pessoas sobre a import\u00e2ncia de falar sobre o suic\u00eddio. Consiste em um olhar para a vida, o cuidado com&hellip; <br \/> <a class=\"read-more\" href=\"http:\/\/viacaofortaleza.com.br\/index.php\/2020\/09\/01\/setembro-amarelo-voce-sabe-o-que-e\/\">Leia mais<\/a><\/p>\n","protected":false},"author":1,"featured_media":7001,"comment_status":"open","ping_status":"open","sticky":false,"template":"","format":"standard","meta":{"_mi_skip_tracking":false,"_monsterinsights_sitenote_active":false,"_monsterinsights_sitenote_note":"","_monsterinsights_sitenote_category":0,"ngg_post_thumbnail":0},"categories":[12],"tags":[693],"_links":{"self":[{"href":"http:\/\/viacaofortaleza.com.br\/index.php\/wp-json\/wp\/v2\/posts\/6999"}],"collection":[{"href":"http:\/\/viacaofortaleza.com.br\/index.php\/wp-json\/wp\/v2\/posts"}],"about":[{"href":"http:\/\/viacaofortaleza.com.br\/index.php\/wp-json\/wp\/v2\/types\/post"}],"author":[{"embeddable":true,"href":"http:\/\/viacaofortaleza.com.br\/index.php\/wp-json\/wp\/v2\/users\/1"}],"replies":[{"embeddable":true,"href":"http:\/\/viacaofortaleza.com.br\/index.php\/wp-json\/wp\/v2\/comments?post=6999"}],"version-history":[{"count":3,"href":"http:\/\/viacaofortaleza.com.br\/index.php\/wp-json\/wp\/v2\/posts\/6999\/revisions"}],"predecessor-version":[{"id":7004,"href":"http:\/\/viacaofortaleza.com.br\/index.php\/wp-json\/wp\/v2\/posts\/6999\/revisions\/7004"}],"wp:featuredmedia":[{"embeddable":true,"href":"http:\/\/viacaofortaleza.com.br\/index.php\/wp-json\/wp\/v2\/media\/7001"}],"wp:attachment":[{"href":"http:\/\/viacaofortaleza.com.br\/index.php\/wp-json\/wp\/v2\/media?parent=6999"}],"wp:term":[{"taxonomy":"category","embeddable":true,"href":"http:\/\/viacaofortaleza.com.br\/index.php\/wp-json\/wp\/v2\/categories?post=6999"},{"taxonomy":"post_tag","embeddable":true,"href":"http:\/\/viacaofortaleza.com.br\/index.php\/wp-json\/wp\/v2\/tags?post=6999"}],"curies":[{"name":"wp","href":"https:\/\/api.w.org\/{rel}","templated":true}]}}