{"id":7041,"date":"2020-09-10T08:00:40","date_gmt":"2020-09-10T11:00:40","guid":{"rendered":"http:\/\/viacaofortaleza.com.br\/?p=7041"},"modified":"2020-09-09T11:22:36","modified_gmt":"2020-09-09T14:22:36","slug":"dia-mundial-da-prevencao-do-suicidio-2","status":"publish","type":"post","link":"http:\/\/viacaofortaleza.com.br\/index.php\/2020\/09\/10\/dia-mundial-da-prevencao-do-suicidio-2\/","title":{"rendered":"Dia Mundial da Preven\u00e7\u00e3o do Suic\u00eddio"},"content":{"rendered":"<p>Assim como melhores amigos, n\u00f3s s\u00f3&nbsp;queremos que voc\u00ea viva feliz e com sa\u00fade!<\/p>\n<p>&nbsp;<img loading=\"lazy\" class=\"emojioneemoji\" src=\"https:\/\/cdn.jsdelivr.net\/emojione\/assets\/4.0\/png\/32\/1f49b.png\" alt=\"?\" width=\"19\" height=\"19\">A gente se importa com a sua vida!&nbsp;Por isso&nbsp;viemos te lembrar que voc\u00ea n\u00e3o est\u00e1 sozinho!<\/p>\n<div>10.09 &#8211; Dia Mundial da Preven\u00e7\u00e3o do Suic\u00eddio<\/div>\n<div>&nbsp;<\/div>\n<div>\n<div>#preven\u00e7\u00e3oaosuicidio #suicidion\u00e3o #vida #sa\u00fademental<\/p>\n<div>&nbsp;<\/div>\n<\/div>\n<\/div>\n","protected":false},"excerpt":{"rendered":"<p>Assim como melhores amigos, n\u00f3s s\u00f3&nbsp;queremos que voc\u00ea viva feliz e com sa\u00fade! &nbsp;A gente se importa com a sua vida!&nbsp;Por isso&nbsp;viemos te lembrar que voc\u00ea n\u00e3o est\u00e1 sozinho! 10.09 &#8211; Dia Mundial da Preven\u00e7\u00e3o do Suic\u00eddio &nbsp; #preven\u00e7\u00e3oaosuicidio #suicidion\u00e3o #vida #sa\u00fademental &nbsp;<\/p>\n","protected":false},"author":1,"featured_media":7043,"comment_status":"open","ping_status":"open","sticky":false,"template":"","format":"standard","meta":{"_mi_skip_tracking":false,"_monsterinsights_sitenote_active":false,"_monsterinsights_sitenote_note":"","_monsterinsights_sitenote_category":0,"ngg_post_thumbnail":0},"categories":[3],"tags":[99],"_links":{"self":[{"href":"http:\/\/viacaofortaleza.com.br\/index.php\/wp-json\/wp\/v2\/posts\/7041"}],"collection":[{"href":"http:\/\/viacaofortaleza.com.br\/index.php\/wp-json\/wp\/v2\/posts"}],"about":[{"href":"http:\/\/viacaofortaleza.com.br\/index.php\/wp-json\/wp\/v2\/types\/post"}],"author":[{"embeddable":true,"href":"http:\/\/viacaofortaleza.com.br\/index.php\/wp-json\/wp\/v2\/users\/1"}],"replies":[{"embeddable":true,"href":"http:\/\/viacaofortaleza.com.br\/index.php\/wp-json\/wp\/v2\/comments?post=7041"}],"version-history":[{"count":1,"href":"http:\/\/viacaofortaleza.com.br\/index.php\/wp-json\/wp\/v2\/posts\/7041\/revisions"}],"predecessor-version":[{"id":7044,"href":"http:\/\/viacaofortaleza.com.br\/index.php\/wp-json\/wp\/v2\/posts\/7041\/revisions\/7044"}],"wp:featuredmedia":[{"embeddable":true,"href":"http:\/\/viacaofortaleza.com.br\/index.php\/wp-json\/wp\/v2\/media\/7043"}],"wp:attachment":[{"href":"http:\/\/viacaofortaleza.com.br\/index.php\/wp-json\/wp\/v2\/media?parent=7041"}],"wp:term":[{"taxonomy":"category","embeddable":true,"href":"http:\/\/viacaofortaleza.com.br\/index.php\/wp-json\/wp\/v2\/categories?post=7041"},{"taxonomy":"post_tag","embeddable":true,"href":"http:\/\/viacaofortaleza.com.br\/index.php\/wp-json\/wp\/v2\/tags?post=7041"}],"curies":[{"name":"wp","href":"https:\/\/api.w.org\/{rel}","templated":true}]}}