{"id":7057,"date":"2020-09-30T08:00:34","date_gmt":"2020-09-30T11:00:34","guid":{"rendered":"http:\/\/viacaofortaleza.com.br\/?p=7057"},"modified":"2020-09-11T15:37:28","modified_gmt":"2020-09-11T18:37:28","slug":"setembro-amarelo-nao-pare-por-aqui","status":"publish","type":"post","link":"http:\/\/viacaofortaleza.com.br\/index.php\/2020\/09\/30\/setembro-amarelo-nao-pare-por-aqui\/","title":{"rendered":"Setembro Amarelo &#8211; N\u00e3o pare por aqui!"},"content":{"rendered":"<p><span style=\"color: #555555; font-family: Arial, 'Helvetica Neue', Helvetica, sans-serif; font-size: 14px; background-color: #ffffff;\">O m\u00eas dedicado ao Combate e Preven\u00e7\u00e3o do Suic\u00eddio&nbsp;<\/span><span style=\"color: #555555; font-family: Arial, 'Helvetica Neue', Helvetica, sans-serif; font-size: 14px; background-color: #ffffff;\">chegou ao fim, mas, para encerrar da melhor forma te&nbsp;<\/span><span style=\"color: #555555; font-family: Arial, 'Helvetica Neue', Helvetica, sans-serif; font-size: 14px; background-color: #ffffff;\">pedimos que&nbsp;<\/span><img class=\"emojioneemoji\" style=\"border: 0px; font-size: 14px; height: 3ex; width: auto; min-height: 20px; min-width: 20px; display: inline-block; margin: -0.2ex 0.15em 0.2ex; line-height: normal; vertical-align: middle; top: 0px; color: #555555; font-family: Arial, 'Helvetica Neue', Helvetica, sans-serif; background-color: #ffffff;\" src=\"https:\/\/cdn.jsdelivr.net\/emojione\/assets\/4.0\/png\/32\/26a0.png\" alt=\"\u26a0\"><span style=\"color: #555555; font-family: Arial, 'Helvetica Neue', Helvetica, sans-serif; font-size: 14px; background-color: #ffffff;\">N\u00c3O PARE por aqui!<\/span><img class=\"emojioneemoji\" style=\"border: 0px; font-size: 14px; height: 3ex; width: auto; min-height: 20px; min-width: 20px; display: inline-block; margin: -0.2ex 0.15em 0.2ex; line-height: normal; vertical-align: middle; top: 0px; color: #555555; font-family: Arial, 'Helvetica Neue', Helvetica, sans-serif; background-color: #ffffff;\" src=\"https:\/\/cdn.jsdelivr.net\/emojione\/assets\/4.0\/png\/32\/26a0.png\" alt=\"\u26a0\"><\/p>\n<p><span style=\"color: #555555; font-family: Arial, 'Helvetica Neue', Helvetica, sans-serif; font-size: 14px; background-color: #ffffff;\">Continue fazendo tudo de melhor por voc\u00ea e pelos&nbsp;<\/span><span style=\"color: #555555; font-family: Arial, 'Helvetica Neue', Helvetica, sans-serif; font-size: 14px; background-color: #ffffff;\">outros, todos os dias, todos os meses e todos os anos.<\/span><\/p>\n<div style=\"color: #555555; font-family: Arial, 'Helvetica Neue', Helvetica, sans-serif; font-size: 14px; background-color: #ffffff;\"><img class=\"emojioneemoji\" style=\"border: 0px; font-size: inherit; height: 3ex; width: auto; min-height: 20px; min-width: 20px; display: inline-block; margin: -0.2ex 0.15em 0.2ex; line-height: normal; vertical-align: middle; top: 0px;\" src=\"https:\/\/cdn.jsdelivr.net\/emojione\/assets\/4.0\/png\/32\/1f49b.png\" alt=\"?\">Voc\u00ea merece muito, voc\u00ea merece tudo, e n\u00f3s estamos&nbsp;aqui sempre que precisar!<\/p>\n<div>&nbsp;<\/div>\n<p>#setembroamarelo #apoio #cvv #valorizeavida #188 #n\u00e3opare<\/p><\/div>\n","protected":false},"excerpt":{"rendered":"<p>O m\u00eas dedicado ao Combate e Preven\u00e7\u00e3o do Suic\u00eddio&nbsp;chegou ao fim, mas, para encerrar da melhor forma te&nbsp;pedimos que&nbsp;N\u00c3O PARE por aqui! Continue fazendo tudo de melhor por voc\u00ea e pelos&nbsp;outros, todos os dias, todos os meses e todos os anos. Voc\u00ea merece muito, voc\u00ea merece tudo, e n\u00f3s estamos&nbsp;aqui sempre que precisar! &nbsp; #setembroamarelo&hellip; <br \/> <a class=\"read-more\" href=\"http:\/\/viacaofortaleza.com.br\/index.php\/2020\/09\/30\/setembro-amarelo-nao-pare-por-aqui\/\">Leia mais<\/a><\/p>\n","protected":false},"author":1,"featured_media":7058,"comment_status":"open","ping_status":"open","sticky":false,"template":"","format":"standard","meta":{"_mi_skip_tracking":false,"_monsterinsights_sitenote_active":false,"_monsterinsights_sitenote_note":"","_monsterinsights_sitenote_category":0,"ngg_post_thumbnail":0},"categories":[12],"tags":[704],"_links":{"self":[{"href":"http:\/\/viacaofortaleza.com.br\/index.php\/wp-json\/wp\/v2\/posts\/7057"}],"collection":[{"href":"http:\/\/viacaofortaleza.com.br\/index.php\/wp-json\/wp\/v2\/posts"}],"about":[{"href":"http:\/\/viacaofortaleza.com.br\/index.php\/wp-json\/wp\/v2\/types\/post"}],"author":[{"embeddable":true,"href":"http:\/\/viacaofortaleza.com.br\/index.php\/wp-json\/wp\/v2\/users\/1"}],"replies":[{"embeddable":true,"href":"http:\/\/viacaofortaleza.com.br\/index.php\/wp-json\/wp\/v2\/comments?post=7057"}],"version-history":[{"count":1,"href":"http:\/\/viacaofortaleza.com.br\/index.php\/wp-json\/wp\/v2\/posts\/7057\/revisions"}],"predecessor-version":[{"id":7059,"href":"http:\/\/viacaofortaleza.com.br\/index.php\/wp-json\/wp\/v2\/posts\/7057\/revisions\/7059"}],"wp:featuredmedia":[{"embeddable":true,"href":"http:\/\/viacaofortaleza.com.br\/index.php\/wp-json\/wp\/v2\/media\/7058"}],"wp:attachment":[{"href":"http:\/\/viacaofortaleza.com.br\/index.php\/wp-json\/wp\/v2\/media?parent=7057"}],"wp:term":[{"taxonomy":"category","embeddable":true,"href":"http:\/\/viacaofortaleza.com.br\/index.php\/wp-json\/wp\/v2\/categories?post=7057"},{"taxonomy":"post_tag","embeddable":true,"href":"http:\/\/viacaofortaleza.com.br\/index.php\/wp-json\/wp\/v2\/tags?post=7057"}],"curies":[{"name":"wp","href":"https:\/\/api.w.org\/{rel}","templated":true}]}}