{"id":7064,"date":"2020-09-14T09:59:59","date_gmt":"2020-09-14T12:59:59","guid":{"rendered":"http:\/\/viacaofortaleza.com.br\/?p=7064"},"modified":"2020-09-14T09:59:59","modified_gmt":"2020-09-14T12:59:59","slug":"sest-senat-plantao-odontologico","status":"publish","type":"post","link":"http:\/\/viacaofortaleza.com.br\/index.php\/2020\/09\/14\/sest-senat-plantao-odontologico\/","title":{"rendered":"Sest Senat &#8211; Plant\u00e3o Odontol\u00f3gico"},"content":{"rendered":"<p><span style=\"color: #555555; font-family: Arial, 'Helvetica Neue', Helvetica, sans-serif; font-size: 14px; background-color: #ffffff;\">&gt;COMPARTILHANDO&lt;<\/span><\/p>\n<div style=\"color: #555555; font-family: Arial, 'Helvetica Neue', Helvetica, sans-serif; font-size: 14px; background-color: #ffffff;\">Est\u00e1 sem tempo durante a semana para cuidar da sua sa\u00fade bucal?&nbsp;<img class=\"emojioneemoji\" style=\"border: 0px; font-size: inherit; height: 3ex; width: auto; min-height: 20px; min-width: 20px; display: inline-block; margin: -0.2ex 0.15em 0.2ex; line-height: normal; vertical-align: middle; top: 0px;\" src=\"https:\/\/cdn.jsdelivr.net\/emojione\/assets\/4.0\/png\/32\/1f551.png\" alt=\"?\"><\/p>\n<div>&nbsp;<\/div>\n<p>Ent\u00e3o aproveita que o Sest Senat Fortaleza estar\u00e1 com plant\u00f5es odontol\u00f3gicos aos s\u00e1bados!&nbsp;<img class=\"emojioneemoji\" style=\"border: 0px; font-size: inherit; height: 3ex; width: auto; min-height: 20px; min-width: 20px; display: inline-block; margin: -0.2ex 0.15em 0.2ex; line-height: normal; vertical-align: middle; top: 0px;\" src=\"https:\/\/cdn.jsdelivr.net\/emojione\/assets\/4.0\/png\/32\/1f440.png\" alt=\"?\"><img class=\"emojioneemoji\" style=\"border: 0px; font-size: inherit; height: 3ex; width: auto; min-height: 20px; min-width: 20px; display: inline-block; margin: -0.2ex 0.15em 0.2ex; line-height: normal; vertical-align: middle; top: 0px;\" src=\"https:\/\/cdn.jsdelivr.net\/emojione\/assets\/4.0\/png\/32\/1f440.png\" alt=\"?\"><img class=\"emojioneemoji\" style=\"border: 0px; font-size: inherit; height: 3ex; width: auto; min-height: 20px; min-width: 20px; display: inline-block; margin: -0.2ex 0.15em 0.2ex; line-height: normal; vertical-align: middle; top: 0px;\" src=\"https:\/\/cdn.jsdelivr.net\/emojione\/assets\/4.0\/png\/32\/1f440.png\" alt=\"?\"><\/p>\n<div>&nbsp;<\/div>\n<p><img class=\"emojioneemoji\" style=\"border: 0px; font-size: inherit; height: 3ex; width: auto; min-height: 20px; min-width: 20px; display: inline-block; margin: -0.2ex 0.15em 0.2ex; line-height: normal; vertical-align: middle; top: 0px;\" src=\"https:\/\/cdn.jsdelivr.net\/emojione\/assets\/4.0\/png\/32\/260e.png\" alt=\"\u260e\">&nbsp;Ligue (85) 3304-4144 ou 4121 e marque sua consulta!<\/div>\n<div style=\"color: #555555; font-family: Arial, 'Helvetica Neue', Helvetica, sans-serif; font-size: 14px; background-color: #ffffff;\">&nbsp;<\/div>\n<div style=\"color: #555555; font-family: Arial, 'Helvetica Neue', Helvetica, sans-serif; font-size: 14px; background-color: #ffffff;\">@sestsenatfortaleza<\/div>\n","protected":false},"excerpt":{"rendered":"<p>&gt;COMPARTILHANDO&lt; Est\u00e1 sem tempo durante a semana para cuidar da sua sa\u00fade bucal?&nbsp; &nbsp; Ent\u00e3o aproveita que o Sest Senat Fortaleza estar\u00e1 com plant\u00f5es odontol\u00f3gicos aos s\u00e1bados!&nbsp; &nbsp; &nbsp;Ligue (85) 3304-4144 ou 4121 e marque sua consulta! &nbsp; @sestsenatfortaleza<\/p>\n","protected":false},"author":1,"featured_media":7065,"comment_status":"open","ping_status":"open","sticky":false,"template":"","format":"standard","meta":{"_mi_skip_tracking":false,"_monsterinsights_sitenote_active":false,"_monsterinsights_sitenote_note":"","_monsterinsights_sitenote_category":0,"ngg_post_thumbnail":0},"categories":[1],"tags":[705],"_links":{"self":[{"href":"http:\/\/viacaofortaleza.com.br\/index.php\/wp-json\/wp\/v2\/posts\/7064"}],"collection":[{"href":"http:\/\/viacaofortaleza.com.br\/index.php\/wp-json\/wp\/v2\/posts"}],"about":[{"href":"http:\/\/viacaofortaleza.com.br\/index.php\/wp-json\/wp\/v2\/types\/post"}],"author":[{"embeddable":true,"href":"http:\/\/viacaofortaleza.com.br\/index.php\/wp-json\/wp\/v2\/users\/1"}],"replies":[{"embeddable":true,"href":"http:\/\/viacaofortaleza.com.br\/index.php\/wp-json\/wp\/v2\/comments?post=7064"}],"version-history":[{"count":1,"href":"http:\/\/viacaofortaleza.com.br\/index.php\/wp-json\/wp\/v2\/posts\/7064\/revisions"}],"predecessor-version":[{"id":7066,"href":"http:\/\/viacaofortaleza.com.br\/index.php\/wp-json\/wp\/v2\/posts\/7064\/revisions\/7066"}],"wp:featuredmedia":[{"embeddable":true,"href":"http:\/\/viacaofortaleza.com.br\/index.php\/wp-json\/wp\/v2\/media\/7065"}],"wp:attachment":[{"href":"http:\/\/viacaofortaleza.com.br\/index.php\/wp-json\/wp\/v2\/media?parent=7064"}],"wp:term":[{"taxonomy":"category","embeddable":true,"href":"http:\/\/viacaofortaleza.com.br\/index.php\/wp-json\/wp\/v2\/categories?post=7064"},{"taxonomy":"post_tag","embeddable":true,"href":"http:\/\/viacaofortaleza.com.br\/index.php\/wp-json\/wp\/v2\/tags?post=7064"}],"curies":[{"name":"wp","href":"https:\/\/api.w.org\/{rel}","templated":true}]}}