{"id":7073,"date":"2020-09-22T08:00:39","date_gmt":"2020-09-22T11:00:39","guid":{"rendered":"http:\/\/viacaofortaleza.com.br\/?p=7073"},"modified":"2020-09-15T11:08:31","modified_gmt":"2020-09-15T14:08:31","slug":"dia-do-contador-2","status":"publish","type":"post","link":"http:\/\/viacaofortaleza.com.br\/index.php\/2020\/09\/22\/dia-do-contador-2\/","title":{"rendered":"Dia do Contador"},"content":{"rendered":"<p>22.09 &#8211; Dia do Contador<\/p>\n<div>Hoje \u00e9 dia de parabenizar todos os contadores! E em especial, para nossos&nbsp;profissionais t\u00e3o dedicados e qualificados,&nbsp;Andrade J\u00fanior, Regiane Lima, Veruska Carneiro e Bruno Pacheco,&nbsp;\u00e9 muito bom poder contar com voc\u00eas todos os dias!<\/div>\n<div>&nbsp;<\/div>\n<div>#contador #n\u00fameros #contabilidade #cont\u00e1beis<\/div>\n","protected":false},"excerpt":{"rendered":"<p>22.09 &#8211; Dia do Contador Hoje \u00e9 dia de parabenizar todos os contadores! E em especial, para nossos&nbsp;profissionais t\u00e3o dedicados e qualificados,&nbsp;Andrade J\u00fanior, Regiane Lima, Veruska Carneiro e Bruno Pacheco,&nbsp;\u00e9 muito bom poder contar com voc\u00eas todos os dias! &nbsp; #contador #n\u00fameros #contabilidade #cont\u00e1beis<\/p>\n","protected":false},"author":1,"featured_media":7074,"comment_status":"open","ping_status":"open","sticky":false,"template":"","format":"standard","meta":{"_mi_skip_tracking":false,"_monsterinsights_sitenote_active":false,"_monsterinsights_sitenote_note":"","_monsterinsights_sitenote_category":0,"ngg_post_thumbnail":0},"categories":[3],"tags":[471],"_links":{"self":[{"href":"http:\/\/viacaofortaleza.com.br\/index.php\/wp-json\/wp\/v2\/posts\/7073"}],"collection":[{"href":"http:\/\/viacaofortaleza.com.br\/index.php\/wp-json\/wp\/v2\/posts"}],"about":[{"href":"http:\/\/viacaofortaleza.com.br\/index.php\/wp-json\/wp\/v2\/types\/post"}],"author":[{"embeddable":true,"href":"http:\/\/viacaofortaleza.com.br\/index.php\/wp-json\/wp\/v2\/users\/1"}],"replies":[{"embeddable":true,"href":"http:\/\/viacaofortaleza.com.br\/index.php\/wp-json\/wp\/v2\/comments?post=7073"}],"version-history":[{"count":1,"href":"http:\/\/viacaofortaleza.com.br\/index.php\/wp-json\/wp\/v2\/posts\/7073\/revisions"}],"predecessor-version":[{"id":7077,"href":"http:\/\/viacaofortaleza.com.br\/index.php\/wp-json\/wp\/v2\/posts\/7073\/revisions\/7077"}],"wp:featuredmedia":[{"embeddable":true,"href":"http:\/\/viacaofortaleza.com.br\/index.php\/wp-json\/wp\/v2\/media\/7074"}],"wp:attachment":[{"href":"http:\/\/viacaofortaleza.com.br\/index.php\/wp-json\/wp\/v2\/media?parent=7073"}],"wp:term":[{"taxonomy":"category","embeddable":true,"href":"http:\/\/viacaofortaleza.com.br\/index.php\/wp-json\/wp\/v2\/categories?post=7073"},{"taxonomy":"post_tag","embeddable":true,"href":"http:\/\/viacaofortaleza.com.br\/index.php\/wp-json\/wp\/v2\/tags?post=7073"}],"curies":[{"name":"wp","href":"https:\/\/api.w.org\/{rel}","templated":true}]}}