{"id":708,"date":"2018-06-08T16:55:43","date_gmt":"2018-06-08T19:55:43","guid":{"rendered":"http:\/\/viacaofortaleza.com.br\/?p=708"},"modified":"2018-06-08T16:55:43","modified_gmt":"2018-06-08T19:55:43","slug":"dia-da-tecnica-de-enfermagem","status":"publish","type":"post","link":"http:\/\/viacaofortaleza.com.br\/index.php\/2018\/06\/08\/dia-da-tecnica-de-enfermagem\/","title":{"rendered":"Dia da T\u00e9cnica de Enfermagem"},"content":{"rendered":"<p style=\"margin-bottom: 6px; font-family: Helvetica, Arial, sans-serif; color: #1d2129; font-size: 14px; background-color: #ffffff;\">Hoje \u00e9 o dia daquele profissional que une t\u00e9cnica e sentimento para cuidar da gente! Everlene Martins, obrigada por dedicar seu tempo e conhecimento ao nosso bem estar.<\/p>\n<p style=\"margin-top: 6px; margin-bottom: 6px; font-family: Helvetica, Arial, sans-serif; color: #1d2129; font-size: 14px; background-color: #ffffff;\">Parab\u00e9ns!<br \/>\n20 de maio &#8211; Dia da T\u00e9cnica de Enfermagem<\/p>\n<div class=\"text_exposed_show\" style=\"display: inline; font-family: Helvetica, Arial, sans-serif; color: #1d2129; font-size: 14px; background-color: #ffffff;\">\n<p style=\"margin-bottom: 6px; font-family: inherit;\">Via\u00e7\u00e3o Fortaleza<br \/>\nFortalecendo o aprendizado e o entendimento para a melhoria cont\u00ednua.<\/p>\n<\/div>\n","protected":false},"excerpt":{"rendered":"<p>Hoje \u00e9 o dia daquele profissional que une t\u00e9cnica e sentimento para cuidar da gente! Everlene Martins, obrigada por dedicar seu tempo e conhecimento ao nosso bem estar. Parab\u00e9ns! 20 de maio &#8211; Dia da T\u00e9cnica de Enfermagem Via\u00e7\u00e3o Fortaleza Fortalecendo o aprendizado e o entendimento para a melhoria cont\u00ednua.<\/p>\n","protected":false},"author":1,"featured_media":709,"comment_status":"open","ping_status":"open","sticky":false,"template":"","format":"standard","meta":{"_mi_skip_tracking":false,"_monsterinsights_sitenote_active":false,"_monsterinsights_sitenote_note":"","_monsterinsights_sitenote_category":0,"ngg_post_thumbnail":0},"categories":[3],"tags":[38],"_links":{"self":[{"href":"http:\/\/viacaofortaleza.com.br\/index.php\/wp-json\/wp\/v2\/posts\/708"}],"collection":[{"href":"http:\/\/viacaofortaleza.com.br\/index.php\/wp-json\/wp\/v2\/posts"}],"about":[{"href":"http:\/\/viacaofortaleza.com.br\/index.php\/wp-json\/wp\/v2\/types\/post"}],"author":[{"embeddable":true,"href":"http:\/\/viacaofortaleza.com.br\/index.php\/wp-json\/wp\/v2\/users\/1"}],"replies":[{"embeddable":true,"href":"http:\/\/viacaofortaleza.com.br\/index.php\/wp-json\/wp\/v2\/comments?post=708"}],"version-history":[{"count":1,"href":"http:\/\/viacaofortaleza.com.br\/index.php\/wp-json\/wp\/v2\/posts\/708\/revisions"}],"predecessor-version":[{"id":710,"href":"http:\/\/viacaofortaleza.com.br\/index.php\/wp-json\/wp\/v2\/posts\/708\/revisions\/710"}],"wp:featuredmedia":[{"embeddable":true,"href":"http:\/\/viacaofortaleza.com.br\/index.php\/wp-json\/wp\/v2\/media\/709"}],"wp:attachment":[{"href":"http:\/\/viacaofortaleza.com.br\/index.php\/wp-json\/wp\/v2\/media?parent=708"}],"wp:term":[{"taxonomy":"category","embeddable":true,"href":"http:\/\/viacaofortaleza.com.br\/index.php\/wp-json\/wp\/v2\/categories?post=708"},{"taxonomy":"post_tag","embeddable":true,"href":"http:\/\/viacaofortaleza.com.br\/index.php\/wp-json\/wp\/v2\/tags?post=708"}],"curies":[{"name":"wp","href":"https:\/\/api.w.org\/{rel}","templated":true}]}}