{"id":7081,"date":"2020-09-22T11:00:50","date_gmt":"2020-09-22T14:00:50","guid":{"rendered":"http:\/\/viacaofortaleza.com.br\/?p=7081"},"modified":"2020-09-17T08:48:04","modified_gmt":"2020-09-17T11:48:04","slug":"live-papel-do-transporte-coletivo-na-prevencao-de-riscos-no-transito","status":"publish","type":"post","link":"http:\/\/viacaofortaleza.com.br\/index.php\/2020\/09\/22\/live-papel-do-transporte-coletivo-na-prevencao-de-riscos-no-transito\/","title":{"rendered":"Live &#8211; Papel do Transporte Coletivo na Preven\u00e7\u00e3o de Riscos no Tr\u00e2nsito."},"content":{"rendered":"<p style=\"margin-bottom: 6px; font-family: Helvetica, Arial, sans-serif; color: #1c1e21; font-size: 14px; background-color: #ffffff;\">O Sindi\u00f4nibus em parceria com a AMC &#8211; Autarquia Municipal de Tr\u00e2nsito e Cidadania, convida a todos para uma conversa sobre o papel do Transporte Coletivo na preven\u00e7\u00e3o de riscos no tr\u00e2nsito.<br \/>\nEssa conversa ser\u00e1 por meio de uma live, com a participa\u00e7\u00e3o de: S\u00e1 J\u00fanior &#8211; Gerente de Planejamento do Sindi\u00f4nibus e Andr\u00e9 Luis Barcelos &#8211; Gerente de Opera\u00e7\u00f5es e Fiscaliza\u00e7\u00e3o da AMC.<\/p>\n<p style=\"margin-bottom: 6px; font-family: Helvetica, Arial, sans-serif; color: #1c1e21; font-size: 14px; background-color: #ffffff;\">\nData: 23\/09<br \/>\nHora: 16h<span class=\"text_exposed_show\" style=\"display: inline; font-family: inherit;\"><br \/>\nLocal: Transmiss\u00e3o pelo Instagram do Sindi\u00f4nibus<\/span><\/p>\n<div class=\"text_exposed_show\" style=\"display: inline; font-family: Helvetica, Arial, sans-serif; color: #1c1e21; font-size: 14px; background-color: #ffffff;\">\n<p style=\"margin-bottom: 6px; font-family: inherit;\"><a class=\"_58cn\" style=\"color: #385898; cursor: pointer; text-decoration-line: none; font-family: inherit;\" href=\"https:\/\/www.facebook.com\/hashtag\/sindi%C3%B4nibus?__eep__=6&amp;source=feed_text&amp;epa=HASHTAG&amp;__xts__%5B0%5D=68.ARAd-4YE6aVCYCshiv1eO9tSIjsIPomeRXnAUxiELQ5GX6zpMh5CSZWlCF9-NhM33dqgIlTpCvoGQ0olOgylHm5JlB1S9qA9OnNsbeJbYnkGteyfIA94t0lT6EVEjy2KNSl54gtVZxUGt3FrJPp1dcsbXeaK3ji3e1lzgKOVoQJ1QkLs5-1IJuuSXC_uZcmv-eiCTaak9KgDG7TSPGnLE2jWwgWsyHtD618Rlb0Y0RJiFNL7vnGIFdg8Yb__QJuL-JMSpwxrBFKNKX6syUOwEa8Ycj3Fxz8ZDAMmTLmNVVq7t9Ol6KEXqOpNRmYXYyUFPzukmtQDfjnt5mJkhZiVDUmGqQ&amp;__tn__=%2ANK-R\" data-ft=\"{&quot;type&quot;:104,&quot;tn&quot;:&quot;*N&quot;}\"><span class=\"_5afx\" style=\"direction: ltr; unicode-bidi: isolate; font-family: inherit;\"><span class=\"_58cl _5afz\" style=\"unicode-bidi: isolate; color: #365899; font-family: inherit;\" aria-label=\"hashtag\">#<\/span><span class=\"_58cm\" style=\"font-family: inherit;\">Sindi\u00f4nibus<\/span><\/span><\/a>&nbsp;<a class=\"_58cn\" style=\"color: #385898; cursor: pointer; text-decoration-line: none; font-family: inherit;\" href=\"https:\/\/www.facebook.com\/hashtag\/modernoecoletivo?__eep__=6&amp;source=feed_text&amp;epa=HASHTAG&amp;__xts__%5B0%5D=68.ARAd-4YE6aVCYCshiv1eO9tSIjsIPomeRXnAUxiELQ5GX6zpMh5CSZWlCF9-NhM33dqgIlTpCvoGQ0olOgylHm5JlB1S9qA9OnNsbeJbYnkGteyfIA94t0lT6EVEjy2KNSl54gtVZxUGt3FrJPp1dcsbXeaK3ji3e1lzgKOVoQJ1QkLs5-1IJuuSXC_uZcmv-eiCTaak9KgDG7TSPGnLE2jWwgWsyHtD618Rlb0Y0RJiFNL7vnGIFdg8Yb__QJuL-JMSpwxrBFKNKX6syUOwEa8Ycj3Fxz8ZDAMmTLmNVVq7t9Ol6KEXqOpNRmYXYyUFPzukmtQDfjnt5mJkhZiVDUmGqQ&amp;__tn__=%2ANK-R\" data-ft=\"{&quot;type&quot;:104,&quot;tn&quot;:&quot;*N&quot;}\"><span class=\"_5afx\" style=\"direction: ltr; unicode-bidi: isolate; font-family: inherit;\"><span class=\"_58cl _5afz\" style=\"unicode-bidi: isolate; color: #365899; font-family: inherit;\" aria-label=\"hashtag\">#<\/span><span class=\"_58cm\" style=\"font-family: inherit;\">ModernoeColetivo<\/span><\/span><\/a>&nbsp;<a class=\"_58cn\" style=\"color: #385898; cursor: pointer; text-decoration-line: none; font-family: inherit;\" href=\"https:\/\/www.facebook.com\/hashtag\/transportecoletivo?__eep__=6&amp;source=feed_text&amp;epa=HASHTAG&amp;__xts__%5B0%5D=68.ARAd-4YE6aVCYCshiv1eO9tSIjsIPomeRXnAUxiELQ5GX6zpMh5CSZWlCF9-NhM33dqgIlTpCvoGQ0olOgylHm5JlB1S9qA9OnNsbeJbYnkGteyfIA94t0lT6EVEjy2KNSl54gtVZxUGt3FrJPp1dcsbXeaK3ji3e1lzgKOVoQJ1QkLs5-1IJuuSXC_uZcmv-eiCTaak9KgDG7TSPGnLE2jWwgWsyHtD618Rlb0Y0RJiFNL7vnGIFdg8Yb__QJuL-JMSpwxrBFKNKX6syUOwEa8Ycj3Fxz8ZDAMmTLmNVVq7t9Ol6KEXqOpNRmYXYyUFPzukmtQDfjnt5mJkhZiVDUmGqQ&amp;__tn__=%2ANK-R\" data-ft=\"{&quot;type&quot;:104,&quot;tn&quot;:&quot;*N&quot;}\"><span class=\"_5afx\" style=\"direction: ltr; unicode-bidi: isolate; font-family: inherit;\"><span class=\"_58cl _5afz\" style=\"unicode-bidi: isolate; color: #365899; font-family: inherit;\" aria-label=\"hashtag\">#<\/span><span class=\"_58cm\" style=\"font-family: inherit;\">TransporteColetivo<\/span><\/span><\/a>&nbsp;<a class=\"_58cn\" style=\"color: #385898; cursor: pointer; text-decoration-line: none; font-family: inherit;\" href=\"https:\/\/www.facebook.com\/hashtag\/transito?__eep__=6&amp;source=feed_text&amp;epa=HASHTAG&amp;__xts__%5B0%5D=68.ARAd-4YE6aVCYCshiv1eO9tSIjsIPomeRXnAUxiELQ5GX6zpMh5CSZWlCF9-NhM33dqgIlTpCvoGQ0olOgylHm5JlB1S9qA9OnNsbeJbYnkGteyfIA94t0lT6EVEjy2KNSl54gtVZxUGt3FrJPp1dcsbXeaK3ji3e1lzgKOVoQJ1QkLs5-1IJuuSXC_uZcmv-eiCTaak9KgDG7TSPGnLE2jWwgWsyHtD618Rlb0Y0RJiFNL7vnGIFdg8Yb__QJuL-JMSpwxrBFKNKX6syUOwEa8Ycj3Fxz8ZDAMmTLmNVVq7t9Ol6KEXqOpNRmYXYyUFPzukmtQDfjnt5mJkhZiVDUmGqQ&amp;__tn__=%2ANK-R\" data-ft=\"{&quot;type&quot;:104,&quot;tn&quot;:&quot;*N&quot;}\"><span class=\"_5afx\" style=\"direction: ltr; unicode-bidi: isolate; font-family: inherit;\"><span class=\"_58cl _5afz\" style=\"unicode-bidi: isolate; color: #365899; font-family: inherit;\" aria-label=\"hashtag\">#<\/span><span class=\"_58cm\" style=\"font-family: inherit;\">transito<\/span><\/span><\/a><\/p>\n<\/div>\n","protected":false},"excerpt":{"rendered":"<p>O Sindi\u00f4nibus em parceria com a AMC &#8211; Autarquia Municipal de Tr\u00e2nsito e Cidadania, convida a todos para uma conversa sobre o papel do Transporte Coletivo na preven\u00e7\u00e3o de riscos no tr\u00e2nsito. Essa conversa ser\u00e1 por meio de uma live, com a participa\u00e7\u00e3o de: S\u00e1 J\u00fanior &#8211; Gerente de Planejamento do Sindi\u00f4nibus e Andr\u00e9 Luis&hellip; <br \/> <a class=\"read-more\" href=\"http:\/\/viacaofortaleza.com.br\/index.php\/2020\/09\/22\/live-papel-do-transporte-coletivo-na-prevencao-de-riscos-no-transito\/\">Leia mais<\/a><\/p>\n","protected":false},"author":1,"featured_media":7083,"comment_status":"open","ping_status":"open","sticky":false,"template":"","format":"standard","meta":{"_mi_skip_tracking":false,"_monsterinsights_sitenote_active":false,"_monsterinsights_sitenote_note":"","_monsterinsights_sitenote_category":0,"ngg_post_thumbnail":0},"categories":[1],"tags":[707],"_links":{"self":[{"href":"http:\/\/viacaofortaleza.com.br\/index.php\/wp-json\/wp\/v2\/posts\/7081"}],"collection":[{"href":"http:\/\/viacaofortaleza.com.br\/index.php\/wp-json\/wp\/v2\/posts"}],"about":[{"href":"http:\/\/viacaofortaleza.com.br\/index.php\/wp-json\/wp\/v2\/types\/post"}],"author":[{"embeddable":true,"href":"http:\/\/viacaofortaleza.com.br\/index.php\/wp-json\/wp\/v2\/users\/1"}],"replies":[{"embeddable":true,"href":"http:\/\/viacaofortaleza.com.br\/index.php\/wp-json\/wp\/v2\/comments?post=7081"}],"version-history":[{"count":1,"href":"http:\/\/viacaofortaleza.com.br\/index.php\/wp-json\/wp\/v2\/posts\/7081\/revisions"}],"predecessor-version":[{"id":7084,"href":"http:\/\/viacaofortaleza.com.br\/index.php\/wp-json\/wp\/v2\/posts\/7081\/revisions\/7084"}],"wp:featuredmedia":[{"embeddable":true,"href":"http:\/\/viacaofortaleza.com.br\/index.php\/wp-json\/wp\/v2\/media\/7083"}],"wp:attachment":[{"href":"http:\/\/viacaofortaleza.com.br\/index.php\/wp-json\/wp\/v2\/media?parent=7081"}],"wp:term":[{"taxonomy":"category","embeddable":true,"href":"http:\/\/viacaofortaleza.com.br\/index.php\/wp-json\/wp\/v2\/categories?post=7081"},{"taxonomy":"post_tag","embeddable":true,"href":"http:\/\/viacaofortaleza.com.br\/index.php\/wp-json\/wp\/v2\/tags?post=7081"}],"curies":[{"name":"wp","href":"https:\/\/api.w.org\/{rel}","templated":true}]}}