{"id":7094,"date":"2020-09-21T11:10:55","date_gmt":"2020-09-21T14:10:55","guid":{"rendered":"http:\/\/viacaofortaleza.com.br\/?p=7094"},"modified":"2020-09-21T11:10:55","modified_gmt":"2020-09-21T14:10:55","slug":"sest-senat-atendimento-de-saude","status":"publish","type":"post","link":"http:\/\/viacaofortaleza.com.br\/index.php\/2020\/09\/21\/sest-senat-atendimento-de-saude\/","title":{"rendered":"Sest Senat &#8211; Atendimento de Sa\u00fade"},"content":{"rendered":"<p><span style=\"color: #555555; font-family: Arial, 'Helvetica Neue', Helvetica, sans-serif; font-size: 14px; background-color: #ffffff;\">&gt;COMPARTILHANDO&lt;<\/span><\/p>\n<div style=\"color: #555555; font-family: Arial, 'Helvetica Neue', Helvetica, sans-serif; font-size: 14px; background-color: #ffffff;\"><img class=\"emojioneemoji\" style=\"border: 0px; font-size: inherit; height: 3ex; width: auto; min-height: 20px; min-width: 20px; display: inline-block; margin: -0.2ex 0.15em 0.2ex; line-height: normal; vertical-align: middle; top: 0px;\" src=\"https:\/\/cdn.jsdelivr.net\/emojione\/assets\/4.0\/png\/32\/26a0.png\" alt=\"\u26a0\">Durante esta semana, o SEST SENAT estar\u00e1 em em mais de 150 pontos do pa\u00eds prestando atendimentos na \u00e1rea de sa\u00fade a trabalhadores e passageiros do transporte coletivo.<\/p>\n<div>&nbsp;<\/div>\n<p>O objetivo \u00e9 fazer com que os coletivos sejam um lugar mais seguro para todos e que essa seguran\u00e7a seja refletida tamb\u00e9m no tr\u00e2nsito como um todo. Se voc\u00ea quer saber qual o ponto mais pr\u00f3ximo de voc\u00ea, acesse o nosso site: sestsenat.org.br<\/p>\n<div>&nbsp;<\/div>\n<p><img class=\"emojioneemoji\" style=\"border: 0px; font-size: inherit; height: 3ex; width: auto; min-height: 20px; min-width: 20px; display: inline-block; margin: -0.2ex 0.15em 0.2ex; line-height: normal; vertical-align: middle; top: 0px;\" src=\"https:\/\/cdn.jsdelivr.net\/emojione\/assets\/4.0\/png\/32\/1f530.png\" alt=\"?\">Siga as nossas redes sociais e acompanhe essa grande a\u00e7\u00e3o que conta com a parceria da Fetrans, Sindi\u00f4nibus e Programa Ambiental Despoluir.<\/p>\n<div>&nbsp;<\/div>\n<div>#sestsenat<\/div>\n<\/div>\n","protected":false},"excerpt":{"rendered":"<p>&gt;COMPARTILHANDO&lt; Durante esta semana, o SEST SENAT estar\u00e1 em em mais de 150 pontos do pa\u00eds prestando atendimentos na \u00e1rea de sa\u00fade a trabalhadores e passageiros do transporte coletivo. &nbsp; O objetivo \u00e9 fazer com que os coletivos sejam um lugar mais seguro para todos e que essa seguran\u00e7a seja refletida tamb\u00e9m no tr\u00e2nsito como&hellip; <br \/> <a class=\"read-more\" href=\"http:\/\/viacaofortaleza.com.br\/index.php\/2020\/09\/21\/sest-senat-atendimento-de-saude\/\">Leia mais<\/a><\/p>\n","protected":false},"author":1,"featured_media":7095,"comment_status":"open","ping_status":"open","sticky":false,"template":"","format":"standard","meta":{"_mi_skip_tracking":false,"_monsterinsights_sitenote_active":false,"_monsterinsights_sitenote_note":"","_monsterinsights_sitenote_category":0,"ngg_post_thumbnail":0},"categories":[1],"tags":[709],"_links":{"self":[{"href":"http:\/\/viacaofortaleza.com.br\/index.php\/wp-json\/wp\/v2\/posts\/7094"}],"collection":[{"href":"http:\/\/viacaofortaleza.com.br\/index.php\/wp-json\/wp\/v2\/posts"}],"about":[{"href":"http:\/\/viacaofortaleza.com.br\/index.php\/wp-json\/wp\/v2\/types\/post"}],"author":[{"embeddable":true,"href":"http:\/\/viacaofortaleza.com.br\/index.php\/wp-json\/wp\/v2\/users\/1"}],"replies":[{"embeddable":true,"href":"http:\/\/viacaofortaleza.com.br\/index.php\/wp-json\/wp\/v2\/comments?post=7094"}],"version-history":[{"count":1,"href":"http:\/\/viacaofortaleza.com.br\/index.php\/wp-json\/wp\/v2\/posts\/7094\/revisions"}],"predecessor-version":[{"id":7096,"href":"http:\/\/viacaofortaleza.com.br\/index.php\/wp-json\/wp\/v2\/posts\/7094\/revisions\/7096"}],"wp:featuredmedia":[{"embeddable":true,"href":"http:\/\/viacaofortaleza.com.br\/index.php\/wp-json\/wp\/v2\/media\/7095"}],"wp:attachment":[{"href":"http:\/\/viacaofortaleza.com.br\/index.php\/wp-json\/wp\/v2\/media?parent=7094"}],"wp:term":[{"taxonomy":"category","embeddable":true,"href":"http:\/\/viacaofortaleza.com.br\/index.php\/wp-json\/wp\/v2\/categories?post=7094"},{"taxonomy":"post_tag","embeddable":true,"href":"http:\/\/viacaofortaleza.com.br\/index.php\/wp-json\/wp\/v2\/tags?post=7094"}],"curies":[{"name":"wp","href":"https:\/\/api.w.org\/{rel}","templated":true}]}}