{"id":715,"date":"2018-06-08T17:02:04","date_gmt":"2018-06-08T20:02:04","guid":{"rendered":"http:\/\/viacaofortaleza.com.br\/?p=715"},"modified":"2018-06-08T17:02:04","modified_gmt":"2018-06-08T20:02:04","slug":"maio-amarelo-amigo-da-crianca","status":"publish","type":"post","link":"http:\/\/viacaofortaleza.com.br\/index.php\/2018\/06\/08\/maio-amarelo-amigo-da-crianca\/","title":{"rendered":"Maio Amarelo &#8211; Amigo da Crian\u00e7a"},"content":{"rendered":"<p style=\"margin-bottom: 6px; font-family: Helvetica, Arial, sans-serif; color: #1d2129; font-size: 14px; background-color: #ffffff;\">Nesta sexta, 18\/05, em mais um Encontro Amigo da Crian\u00e7a, recebemos as crian\u00e7as do Infantil IV, da Escola Edith Braga, somados a filhos de funcion\u00e1rios, para um dia cheio de aprendizado sobre o maio amarelo, onde falamos sobre a import\u00e2ncia da Seguran\u00e7a no Tr\u00e2nsito atrav\u00e9s de uma apresenta\u00e7\u00e3o l\u00fadica de fantoches, al\u00e9m de realizarmos um circuito sobre o que foi ensinado e um tour divertido na empresa.<\/p>\n<p style=\"margin-top: 6px; margin-bottom: 6px; font-family: Helvetica, Arial, sans-serif; color: #1d2129; font-size: 14px; background-color: #ffffff;\">Crian\u00e7a tamb\u00e9m faz parte do tr\u00e2nsito, vamos educa-las hoje para fazer um tr<span class=\"text_exposed_show\" style=\"display: inline; font-family: inherit;\">\u00e2nsito melhor amanh\u00e3!<\/span><\/p>\n<div class=\"text_exposed_show\" style=\"display: inline; font-family: Helvetica, Arial, sans-serif; color: #1d2129; font-size: 14px; background-color: #ffffff;\">\n<p style=\"margin-bottom: 6px; font-family: inherit;\">Via\u00e7\u00e3o Fortaleza<br \/>\nFortalecendo o aprendizado e o entendimento para a melhoria cont\u00ednua.<\/p>\n<p>&nbsp;<\/p>\n<\/div>\n<p><img loading=\"lazy\" class=\"aligncenter size-medium wp-image-717\" src=\"http:\/\/viacaofortaleza.com.br\/wp-content\/uploads\/2018\/06\/33140033_1618487111582562_3293972592972529664_o-300x200.jpg\" alt=\"\" width=\"300\" height=\"200\" srcset=\"http:\/\/viacaofortaleza.com.br\/wp-content\/uploads\/2018\/06\/33140033_1618487111582562_3293972592972529664_o-300x200.jpg 300w, http:\/\/viacaofortaleza.com.br\/wp-content\/uploads\/2018\/06\/33140033_1618487111582562_3293972592972529664_o-768x512.jpg 768w, http:\/\/viacaofortaleza.com.br\/wp-content\/uploads\/2018\/06\/33140033_1618487111582562_3293972592972529664_o-1024x682.jpg 1024w, http:\/\/viacaofortaleza.com.br\/wp-content\/uploads\/2018\/06\/33140033_1618487111582562_3293972592972529664_o.jpg 1327w\" sizes=\"(max-width: 300px) 100vw, 300px\" \/> <img loading=\"lazy\" class=\"aligncenter size-medium wp-image-718\" src=\"http:\/\/viacaofortaleza.com.br\/wp-content\/uploads\/2018\/06\/33157674_1618487234915883_1472897122209628160_o-300x200.jpg\" alt=\"\" width=\"300\" height=\"200\" srcset=\"http:\/\/viacaofortaleza.com.br\/wp-content\/uploads\/2018\/06\/33157674_1618487234915883_1472897122209628160_o-300x200.jpg 300w, http:\/\/viacaofortaleza.com.br\/wp-content\/uploads\/2018\/06\/33157674_1618487234915883_1472897122209628160_o-768x512.jpg 768w, http:\/\/viacaofortaleza.com.br\/wp-content\/uploads\/2018\/06\/33157674_1618487234915883_1472897122209628160_o-1024x682.jpg 1024w, http:\/\/viacaofortaleza.com.br\/wp-content\/uploads\/2018\/06\/33157674_1618487234915883_1472897122209628160_o.jpg 1327w\" sizes=\"(max-width: 300px) 100vw, 300px\" \/> <img loading=\"lazy\" class=\"aligncenter size-medium wp-image-719\" src=\"http:\/\/viacaofortaleza.com.br\/wp-content\/uploads\/2018\/06\/33298759_1618487064915900_5746868105510912_o-300x200.jpg\" alt=\"\" width=\"300\" height=\"200\" srcset=\"http:\/\/viacaofortaleza.com.br\/wp-content\/uploads\/2018\/06\/33298759_1618487064915900_5746868105510912_o-300x200.jpg 300w, http:\/\/viacaofortaleza.com.br\/wp-content\/uploads\/2018\/06\/33298759_1618487064915900_5746868105510912_o-768x512.jpg 768w, http:\/\/viacaofortaleza.com.br\/wp-content\/uploads\/2018\/06\/33298759_1618487064915900_5746868105510912_o-1024x682.jpg 1024w, http:\/\/viacaofortaleza.com.br\/wp-content\/uploads\/2018\/06\/33298759_1618487064915900_5746868105510912_o.jpg 1327w\" sizes=\"(max-width: 300px) 100vw, 300px\" \/><\/p>\n","protected":false},"excerpt":{"rendered":"<p>Nesta sexta, 18\/05, em mais um Encontro Amigo da Crian\u00e7a, recebemos as crian\u00e7as do Infantil IV, da Escola Edith Braga, somados a filhos de funcion\u00e1rios, para um dia cheio de aprendizado sobre o maio amarelo, onde falamos sobre a import\u00e2ncia da Seguran\u00e7a no Tr\u00e2nsito atrav\u00e9s de uma apresenta\u00e7\u00e3o l\u00fadica de fantoches, al\u00e9m de realizarmos um&hellip; <br \/> <a class=\"read-more\" href=\"http:\/\/viacaofortaleza.com.br\/index.php\/2018\/06\/08\/maio-amarelo-amigo-da-crianca\/\">Leia mais<\/a><\/p>\n","protected":false},"author":1,"featured_media":716,"comment_status":"open","ping_status":"open","sticky":false,"template":"","format":"standard","meta":{"_mi_skip_tracking":false,"_monsterinsights_sitenote_active":false,"_monsterinsights_sitenote_note":"","_monsterinsights_sitenote_category":0,"ngg_post_thumbnail":0},"categories":[11,12],"tags":[40,23],"_links":{"self":[{"href":"http:\/\/viacaofortaleza.com.br\/index.php\/wp-json\/wp\/v2\/posts\/715"}],"collection":[{"href":"http:\/\/viacaofortaleza.com.br\/index.php\/wp-json\/wp\/v2\/posts"}],"about":[{"href":"http:\/\/viacaofortaleza.com.br\/index.php\/wp-json\/wp\/v2\/types\/post"}],"author":[{"embeddable":true,"href":"http:\/\/viacaofortaleza.com.br\/index.php\/wp-json\/wp\/v2\/users\/1"}],"replies":[{"embeddable":true,"href":"http:\/\/viacaofortaleza.com.br\/index.php\/wp-json\/wp\/v2\/comments?post=715"}],"version-history":[{"count":1,"href":"http:\/\/viacaofortaleza.com.br\/index.php\/wp-json\/wp\/v2\/posts\/715\/revisions"}],"predecessor-version":[{"id":720,"href":"http:\/\/viacaofortaleza.com.br\/index.php\/wp-json\/wp\/v2\/posts\/715\/revisions\/720"}],"wp:featuredmedia":[{"embeddable":true,"href":"http:\/\/viacaofortaleza.com.br\/index.php\/wp-json\/wp\/v2\/media\/716"}],"wp:attachment":[{"href":"http:\/\/viacaofortaleza.com.br\/index.php\/wp-json\/wp\/v2\/media?parent=715"}],"wp:term":[{"taxonomy":"category","embeddable":true,"href":"http:\/\/viacaofortaleza.com.br\/index.php\/wp-json\/wp\/v2\/categories?post=715"},{"taxonomy":"post_tag","embeddable":true,"href":"http:\/\/viacaofortaleza.com.br\/index.php\/wp-json\/wp\/v2\/tags?post=715"}],"curies":[{"name":"wp","href":"https:\/\/api.w.org\/{rel}","templated":true}]}}