{"id":7162,"date":"2020-10-04T08:00:38","date_gmt":"2020-10-04T11:00:38","guid":{"rendered":"http:\/\/viacaofortaleza.com.br\/?p=7162"},"modified":"2020-10-06T08:02:16","modified_gmt":"2020-10-06T11:02:16","slug":"dia-do-medico-do-trabalho-3","status":"publish","type":"post","link":"http:\/\/viacaofortaleza.com.br\/index.php\/2020\/10\/04\/dia-do-medico-do-trabalho-3\/","title":{"rendered":"Dia do M\u00e9dico do Trabalho"},"content":{"rendered":"<p>Hoje, viemos agradecer ao profissional que promove a sa\u00fade e bem estar de todos os nossos colaboradores.<\/p>\n<div>&nbsp;<\/div>\n<div>Gratid\u00e3o ao nosso M\u00e9dico do Trabalho, Dr. Paulo Sindeaux pela dedica\u00e7\u00e3o e cuidados de todos os dias!<\/div>\n<div>&nbsp;<\/div>\n<div>Parab\u00e9ns!<\/div>\n<div>&nbsp;<\/div>\n<div>04.10 &#8211; Dia do M\u00e9dico do Trabalho<\/div>\n<div>&nbsp;<\/div>\n<div>#m\u00e9dicodotrabalho #m\u00e9dico #dedica\u00e7\u00e3o #cuidado<\/div>\n","protected":false},"excerpt":{"rendered":"<p>Hoje, viemos agradecer ao profissional que promove a sa\u00fade e bem estar de todos os nossos colaboradores. &nbsp; Gratid\u00e3o ao nosso M\u00e9dico do Trabalho, Dr. Paulo Sindeaux pela dedica\u00e7\u00e3o e cuidados de todos os dias! &nbsp; Parab\u00e9ns! &nbsp; 04.10 &#8211; Dia do M\u00e9dico do Trabalho &nbsp; #m\u00e9dicodotrabalho #m\u00e9dico #dedica\u00e7\u00e3o #cuidado<\/p>\n","protected":false},"author":1,"featured_media":7165,"comment_status":"open","ping_status":"open","sticky":false,"template":"","format":"standard","meta":{"_mi_skip_tracking":false,"_monsterinsights_sitenote_active":false,"_monsterinsights_sitenote_note":"","_monsterinsights_sitenote_category":0,"ngg_post_thumbnail":0},"categories":[3],"tags":[],"_links":{"self":[{"href":"http:\/\/viacaofortaleza.com.br\/index.php\/wp-json\/wp\/v2\/posts\/7162"}],"collection":[{"href":"http:\/\/viacaofortaleza.com.br\/index.php\/wp-json\/wp\/v2\/posts"}],"about":[{"href":"http:\/\/viacaofortaleza.com.br\/index.php\/wp-json\/wp\/v2\/types\/post"}],"author":[{"embeddable":true,"href":"http:\/\/viacaofortaleza.com.br\/index.php\/wp-json\/wp\/v2\/users\/1"}],"replies":[{"embeddable":true,"href":"http:\/\/viacaofortaleza.com.br\/index.php\/wp-json\/wp\/v2\/comments?post=7162"}],"version-history":[{"count":1,"href":"http:\/\/viacaofortaleza.com.br\/index.php\/wp-json\/wp\/v2\/posts\/7162\/revisions"}],"predecessor-version":[{"id":7166,"href":"http:\/\/viacaofortaleza.com.br\/index.php\/wp-json\/wp\/v2\/posts\/7162\/revisions\/7166"}],"wp:featuredmedia":[{"embeddable":true,"href":"http:\/\/viacaofortaleza.com.br\/index.php\/wp-json\/wp\/v2\/media\/7165"}],"wp:attachment":[{"href":"http:\/\/viacaofortaleza.com.br\/index.php\/wp-json\/wp\/v2\/media?parent=7162"}],"wp:term":[{"taxonomy":"category","embeddable":true,"href":"http:\/\/viacaofortaleza.com.br\/index.php\/wp-json\/wp\/v2\/categories?post=7162"},{"taxonomy":"post_tag","embeddable":true,"href":"http:\/\/viacaofortaleza.com.br\/index.php\/wp-json\/wp\/v2\/tags?post=7162"}],"curies":[{"name":"wp","href":"https:\/\/api.w.org\/{rel}","templated":true}]}}