{"id":7194,"date":"2020-10-23T08:00:52","date_gmt":"2020-10-23T11:00:52","guid":{"rendered":"http:\/\/viacaofortaleza.com.br\/?p=7194"},"modified":"2020-10-08T10:06:49","modified_gmt":"2020-10-08T13:06:49","slug":"outubro-rosa-fatores-de-risco","status":"publish","type":"post","link":"http:\/\/viacaofortaleza.com.br\/index.php\/2020\/10\/23\/outubro-rosa-fatores-de-risco\/","title":{"rendered":"Outubro Rosa &#8211; Fatores de Risco"},"content":{"rendered":"<p>Voc\u00ea sabe quais s\u00e3o os fatores de risco para o c\u00e2ncer de mama?<\/p>\n<p>O c\u00e2ncer de mama n\u00e3o tem uma causa \u00fanica. Diversos fatores est\u00e3o relacionados ao aumento do risco de desenvolver a doen\u00e7a, como por exemplo:<\/p>\n<p>&#8211; Casos de c\u00e2ncer de mama na fam\u00edlia<br \/>\n&#8211; Ter mais de 50 anos<br \/>\n&#8211; N\u00e3o ter tido filhos<br \/>\n&#8211; Consumir bebidas alco\u00f3licas com frequ\u00eancia<br \/>\n&#8211; Obesidade e excesso de gordura abdominal<br \/>\n&#8211; Sedentarismo<br \/>\n&#8211; Menopausa ap\u00f3s os 55 anos<br \/>\n&#8211; N\u00e3o ter amamentado<br \/>\n&#8211; Ter engravidado ap\u00f3s os 30 anos.<\/p>\n<div>Fique atenta e cuide-se sempre!<\/div>\n<div>&nbsp;<\/div>\n<div>#fatoresderisco #c\u00e2ncerdemama #outubrorosa<\/div>\n","protected":false},"excerpt":{"rendered":"<p>Voc\u00ea sabe quais s\u00e3o os fatores de risco para o c\u00e2ncer de mama? O c\u00e2ncer de mama n\u00e3o tem uma causa \u00fanica. Diversos fatores est\u00e3o relacionados ao aumento do risco de desenvolver a doen\u00e7a, como por exemplo: &#8211; Casos de c\u00e2ncer de mama na fam\u00edlia &#8211; Ter mais de 50 anos &#8211; N\u00e3o ter tido&hellip; <br \/> <a class=\"read-more\" href=\"http:\/\/viacaofortaleza.com.br\/index.php\/2020\/10\/23\/outubro-rosa-fatores-de-risco\/\">Leia mais<\/a><\/p>\n","protected":false},"author":1,"featured_media":7195,"comment_status":"open","ping_status":"open","sticky":false,"template":"","format":"standard","meta":{"_mi_skip_tracking":false,"_monsterinsights_sitenote_active":false,"_monsterinsights_sitenote_note":"","_monsterinsights_sitenote_category":0,"ngg_post_thumbnail":0},"categories":[12],"tags":[727],"_links":{"self":[{"href":"http:\/\/viacaofortaleza.com.br\/index.php\/wp-json\/wp\/v2\/posts\/7194"}],"collection":[{"href":"http:\/\/viacaofortaleza.com.br\/index.php\/wp-json\/wp\/v2\/posts"}],"about":[{"href":"http:\/\/viacaofortaleza.com.br\/index.php\/wp-json\/wp\/v2\/types\/post"}],"author":[{"embeddable":true,"href":"http:\/\/viacaofortaleza.com.br\/index.php\/wp-json\/wp\/v2\/users\/1"}],"replies":[{"embeddable":true,"href":"http:\/\/viacaofortaleza.com.br\/index.php\/wp-json\/wp\/v2\/comments?post=7194"}],"version-history":[{"count":1,"href":"http:\/\/viacaofortaleza.com.br\/index.php\/wp-json\/wp\/v2\/posts\/7194\/revisions"}],"predecessor-version":[{"id":7196,"href":"http:\/\/viacaofortaleza.com.br\/index.php\/wp-json\/wp\/v2\/posts\/7194\/revisions\/7196"}],"wp:featuredmedia":[{"embeddable":true,"href":"http:\/\/viacaofortaleza.com.br\/index.php\/wp-json\/wp\/v2\/media\/7195"}],"wp:attachment":[{"href":"http:\/\/viacaofortaleza.com.br\/index.php\/wp-json\/wp\/v2\/media?parent=7194"}],"wp:term":[{"taxonomy":"category","embeddable":true,"href":"http:\/\/viacaofortaleza.com.br\/index.php\/wp-json\/wp\/v2\/categories?post=7194"},{"taxonomy":"post_tag","embeddable":true,"href":"http:\/\/viacaofortaleza.com.br\/index.php\/wp-json\/wp\/v2\/tags?post=7194"}],"curies":[{"name":"wp","href":"https:\/\/api.w.org\/{rel}","templated":true}]}}