{"id":7215,"date":"2020-10-21T13:00:12","date_gmt":"2020-10-21T16:00:12","guid":{"rendered":"http:\/\/viacaofortaleza.com.br\/?p=7215"},"modified":"2020-10-19T08:02:43","modified_gmt":"2020-10-19T11:02:43","slug":"programa-prevencao-de-acidentes-sest-senat-2","status":"publish","type":"post","link":"http:\/\/viacaofortaleza.com.br\/index.php\/2020\/10\/21\/programa-prevencao-de-acidentes-sest-senat-2\/","title":{"rendered":"Programa Preven\u00e7\u00e3o de Acidentes &#8211; Sest Senat"},"content":{"rendered":"<p>Aten\u00e7\u00e3o colaboradores!<\/p>\n<p>No dia 23.10, de 08 \u00e0s 13:30h, o Sest Senat estar\u00e1 na garagem da empresa com servi\u00e7os especiais para voc\u00eas!<\/p>\n<p>Contamos com sua participa\u00e7\u00e3o! N\u00e3o esque\u00e7am que o uso da m\u00e1scara de prote\u00e7\u00e3o \u00e9 obrigat\u00f3rio!<\/p>\n<p>#sestsenat #preven\u00e7\u00e3odeacidentes #preven\u00e7\u00e3o<\/p>\n","protected":false},"excerpt":{"rendered":"<p>Aten\u00e7\u00e3o colaboradores! No dia 23.10, de 08 \u00e0s 13:30h, o Sest Senat estar\u00e1 na garagem da empresa com servi\u00e7os especiais para voc\u00eas! Contamos com sua participa\u00e7\u00e3o! N\u00e3o esque\u00e7am que o uso da m\u00e1scara de prote\u00e7\u00e3o \u00e9 obrigat\u00f3rio! #sestsenat #preven\u00e7\u00e3odeacidentes #preven\u00e7\u00e3o<\/p>\n","protected":false},"author":1,"featured_media":7213,"comment_status":"open","ping_status":"open","sticky":false,"template":"","format":"standard","meta":{"_mi_skip_tracking":false,"_monsterinsights_sitenote_active":false,"_monsterinsights_sitenote_note":"","_monsterinsights_sitenote_category":0,"ngg_post_thumbnail":0},"categories":[12],"tags":[729],"_links":{"self":[{"href":"http:\/\/viacaofortaleza.com.br\/index.php\/wp-json\/wp\/v2\/posts\/7215"}],"collection":[{"href":"http:\/\/viacaofortaleza.com.br\/index.php\/wp-json\/wp\/v2\/posts"}],"about":[{"href":"http:\/\/viacaofortaleza.com.br\/index.php\/wp-json\/wp\/v2\/types\/post"}],"author":[{"embeddable":true,"href":"http:\/\/viacaofortaleza.com.br\/index.php\/wp-json\/wp\/v2\/users\/1"}],"replies":[{"embeddable":true,"href":"http:\/\/viacaofortaleza.com.br\/index.php\/wp-json\/wp\/v2\/comments?post=7215"}],"version-history":[{"count":1,"href":"http:\/\/viacaofortaleza.com.br\/index.php\/wp-json\/wp\/v2\/posts\/7215\/revisions"}],"predecessor-version":[{"id":7216,"href":"http:\/\/viacaofortaleza.com.br\/index.php\/wp-json\/wp\/v2\/posts\/7215\/revisions\/7216"}],"wp:featuredmedia":[{"embeddable":true,"href":"http:\/\/viacaofortaleza.com.br\/index.php\/wp-json\/wp\/v2\/media\/7213"}],"wp:attachment":[{"href":"http:\/\/viacaofortaleza.com.br\/index.php\/wp-json\/wp\/v2\/media?parent=7215"}],"wp:term":[{"taxonomy":"category","embeddable":true,"href":"http:\/\/viacaofortaleza.com.br\/index.php\/wp-json\/wp\/v2\/categories?post=7215"},{"taxonomy":"post_tag","embeddable":true,"href":"http:\/\/viacaofortaleza.com.br\/index.php\/wp-json\/wp\/v2\/tags?post=7215"}],"curies":[{"name":"wp","href":"https:\/\/api.w.org\/{rel}","templated":true}]}}