{"id":7255,"date":"2020-11-16T08:00:49","date_gmt":"2020-11-16T11:00:49","guid":{"rendered":"http:\/\/viacaofortaleza.com.br\/?p=7255"},"modified":"2020-11-03T09:01:10","modified_gmt":"2020-11-03T12:01:10","slug":"novembro-azul-fatores-de-risco","status":"publish","type":"post","link":"http:\/\/viacaofortaleza.com.br\/index.php\/2020\/11\/16\/novembro-azul-fatores-de-risco\/","title":{"rendered":"Novembro Azul &#8211; Fatores de Risco"},"content":{"rendered":"<p>Novembro Azul &#8211; Fatores de Risco<\/p>\n<p>Listamos abaixo alguns fatores de risco que podem aumentar as chances de desenvolver o c\u00e2ncer de pr\u00f3stata.<\/p>\n<ul>\n<li>Idade avan\u00e7ada (acima de 50 anos);<\/li>\n<li>Casos de c\u00e2ncer de pr\u00f3stata na fam\u00edlia (pai, irm\u00e3o, tio);<\/li>\n<li>Pessoas de ra\u00e7a negra;<\/li>\n<li>Sobrepeso ou Obesidade;<\/li>\n<li>Sedentarismo;<\/li>\n<li>Consumo de bebidas alco\u00f3licas.<\/li>\n<\/ul>\n<p>Caso esteja dentro desses fatores, fique atento e cuide-se sempre. O acompanhamento com o especialista \u00e9 essencial!<\/p>\n<p>Tenha uma atitude de her\u00f3i com voc\u00ea mesmo, CUIDE-SE!<br \/>\n\u2800<br \/>\n<a class=\" xil3i\" tabindex=\"0\" href=\"https:\/\/www.instagram.com\/explore\/tags\/novembroazul\/\">#novembroazul<\/a>&nbsp;<a class=\" xil3i\" tabindex=\"0\" href=\"https:\/\/www.instagram.com\/explore\/tags\/preven%C3%A7%C3%A3o\/\">#preven\u00e7\u00e3o<\/a>&nbsp;<a class=\" xil3i\" tabindex=\"0\" href=\"https:\/\/www.instagram.com\/explore\/tags\/c%C3%A2ncerdepr%C3%B3stata\/\">#c\u00e2ncerdepr\u00f3stata<\/a>&nbsp;<a class=\" xil3i\" tabindex=\"0\" href=\"https:\/\/www.instagram.com\/explore\/tags\/cuide\/\">#cuide<\/a>-se<\/p>\n","protected":false},"excerpt":{"rendered":"<p>Novembro Azul &#8211; Fatores de Risco Listamos abaixo alguns fatores de risco que podem aumentar as chances de desenvolver o c\u00e2ncer de pr\u00f3stata. Idade avan\u00e7ada (acima de 50 anos); Casos de c\u00e2ncer de pr\u00f3stata na fam\u00edlia (pai, irm\u00e3o, tio); Pessoas de ra\u00e7a negra; Sobrepeso ou Obesidade; Sedentarismo; Consumo de bebidas alco\u00f3licas. Caso esteja dentro desses&hellip; <br \/> <a class=\"read-more\" href=\"http:\/\/viacaofortaleza.com.br\/index.php\/2020\/11\/16\/novembro-azul-fatores-de-risco\/\">Leia mais<\/a><\/p>\n","protected":false},"author":1,"featured_media":7257,"comment_status":"open","ping_status":"open","sticky":false,"template":"","format":"standard","meta":{"_mi_skip_tracking":false,"_monsterinsights_sitenote_active":false,"_monsterinsights_sitenote_note":"","_monsterinsights_sitenote_category":0,"ngg_post_thumbnail":0},"categories":[12],"tags":[520],"_links":{"self":[{"href":"http:\/\/viacaofortaleza.com.br\/index.php\/wp-json\/wp\/v2\/posts\/7255"}],"collection":[{"href":"http:\/\/viacaofortaleza.com.br\/index.php\/wp-json\/wp\/v2\/posts"}],"about":[{"href":"http:\/\/viacaofortaleza.com.br\/index.php\/wp-json\/wp\/v2\/types\/post"}],"author":[{"embeddable":true,"href":"http:\/\/viacaofortaleza.com.br\/index.php\/wp-json\/wp\/v2\/users\/1"}],"replies":[{"embeddable":true,"href":"http:\/\/viacaofortaleza.com.br\/index.php\/wp-json\/wp\/v2\/comments?post=7255"}],"version-history":[{"count":1,"href":"http:\/\/viacaofortaleza.com.br\/index.php\/wp-json\/wp\/v2\/posts\/7255\/revisions"}],"predecessor-version":[{"id":7258,"href":"http:\/\/viacaofortaleza.com.br\/index.php\/wp-json\/wp\/v2\/posts\/7255\/revisions\/7258"}],"wp:featuredmedia":[{"embeddable":true,"href":"http:\/\/viacaofortaleza.com.br\/index.php\/wp-json\/wp\/v2\/media\/7257"}],"wp:attachment":[{"href":"http:\/\/viacaofortaleza.com.br\/index.php\/wp-json\/wp\/v2\/media?parent=7255"}],"wp:term":[{"taxonomy":"category","embeddable":true,"href":"http:\/\/viacaofortaleza.com.br\/index.php\/wp-json\/wp\/v2\/categories?post=7255"},{"taxonomy":"post_tag","embeddable":true,"href":"http:\/\/viacaofortaleza.com.br\/index.php\/wp-json\/wp\/v2\/tags?post=7255"}],"curies":[{"name":"wp","href":"https:\/\/api.w.org\/{rel}","templated":true}]}}