{"id":727,"date":"2018-06-08T17:05:56","date_gmt":"2018-06-08T20:05:56","guid":{"rendered":"http:\/\/viacaofortaleza.com.br\/?p=727"},"modified":"2018-06-08T17:22:40","modified_gmt":"2018-06-08T20:22:40","slug":"maio-amarelo-planejamento-de-rotas-de-motociclistas","status":"publish","type":"post","link":"http:\/\/viacaofortaleza.com.br\/index.php\/2018\/06\/08\/maio-amarelo-planejamento-de-rotas-de-motociclistas\/","title":{"rendered":"Maio Amarelo &#8211; Planejamento de Rotas de Motociclistas"},"content":{"rendered":"<p><a class=\"_58cn\" href=\"https:\/\/www.facebook.com\/hashtag\/maioamarelo?source=feed_text\" data-ft=\"{&quot;tn&quot;:&quot;*N&quot;,&quot;type&quot;:104}\"><span class=\"_5afx\"><span class=\"_58cl _5afz\" aria-label=\"hashtag\">#<\/span><span class=\"_58cm\">MaioAmarelo<\/span><\/span><\/a><\/p>\n<p>Continuando com as a\u00e7\u00f5es de conscientiza\u00e7\u00e3o no tr\u00e2nsito do MAIO AMARELO, tivemos uma palestra sobre Planejamento de Rotas de Motociclistas, com o Instrutor F\u00e1bio Costa, do Sest Senat, onde trabalhamos sobre preven\u00e7\u00e3o de acidentes, dire\u00e7\u00e3o defensiva para motociclistas, penalidades e multas, tamb\u00e9m realizamos o sorteio de EPI&#8217;s (capacetes) e brindes aos participantes.<\/p>\n<p>Agradecemos a parceria de sempre do Sest Senat e a presen\u00e7a de todos neste dia, esperamos ter agre<span class=\"text_exposed_show\">gado maior conhecimento e conscientiza\u00e7\u00e3o \u00e0 cada um de voc\u00eas.<\/span><\/p>\n<div class=\"text_exposed_show\">\n<p>Via\u00e7\u00e3o Fortaleza<br \/>\nFortalecendo o aprendizado e o entendimento para a melhoria cont\u00ednua.<\/p>\n<\/div>\n","protected":false},"excerpt":{"rendered":"<p>#MaioAmarelo Continuando com as a\u00e7\u00f5es de conscientiza\u00e7\u00e3o no tr\u00e2nsito do MAIO AMARELO, tivemos uma palestra sobre Planejamento de Rotas de Motociclistas, com o Instrutor F\u00e1bio Costa, do Sest Senat, onde trabalhamos sobre preven\u00e7\u00e3o de acidentes, dire\u00e7\u00e3o defensiva para motociclistas, penalidades e multas, tamb\u00e9m realizamos o sorteio de EPI&#8217;s (capacetes) e brindes aos participantes. Agradecemos a&hellip; <br \/> <a class=\"read-more\" href=\"http:\/\/viacaofortaleza.com.br\/index.php\/2018\/06\/08\/maio-amarelo-planejamento-de-rotas-de-motociclistas\/\">Leia mais<\/a><\/p>\n","protected":false},"author":1,"featured_media":728,"comment_status":"open","ping_status":"open","sticky":false,"template":"","format":"standard","meta":{"_mi_skip_tracking":false,"_monsterinsights_sitenote_active":false,"_monsterinsights_sitenote_note":"","_monsterinsights_sitenote_category":0,"ngg_post_thumbnail":0},"categories":[12],"tags":[23,42],"_links":{"self":[{"href":"http:\/\/viacaofortaleza.com.br\/index.php\/wp-json\/wp\/v2\/posts\/727"}],"collection":[{"href":"http:\/\/viacaofortaleza.com.br\/index.php\/wp-json\/wp\/v2\/posts"}],"about":[{"href":"http:\/\/viacaofortaleza.com.br\/index.php\/wp-json\/wp\/v2\/types\/post"}],"author":[{"embeddable":true,"href":"http:\/\/viacaofortaleza.com.br\/index.php\/wp-json\/wp\/v2\/users\/1"}],"replies":[{"embeddable":true,"href":"http:\/\/viacaofortaleza.com.br\/index.php\/wp-json\/wp\/v2\/comments?post=727"}],"version-history":[{"count":2,"href":"http:\/\/viacaofortaleza.com.br\/index.php\/wp-json\/wp\/v2\/posts\/727\/revisions"}],"predecessor-version":[{"id":764,"href":"http:\/\/viacaofortaleza.com.br\/index.php\/wp-json\/wp\/v2\/posts\/727\/revisions\/764"}],"wp:featuredmedia":[{"embeddable":true,"href":"http:\/\/viacaofortaleza.com.br\/index.php\/wp-json\/wp\/v2\/media\/728"}],"wp:attachment":[{"href":"http:\/\/viacaofortaleza.com.br\/index.php\/wp-json\/wp\/v2\/media?parent=727"}],"wp:term":[{"taxonomy":"category","embeddable":true,"href":"http:\/\/viacaofortaleza.com.br\/index.php\/wp-json\/wp\/v2\/categories?post=727"},{"taxonomy":"post_tag","embeddable":true,"href":"http:\/\/viacaofortaleza.com.br\/index.php\/wp-json\/wp\/v2\/tags?post=727"}],"curies":[{"name":"wp","href":"https:\/\/api.w.org\/{rel}","templated":true}]}}