{"id":730,"date":"2018-06-08T17:07:59","date_gmt":"2018-06-08T20:07:59","guid":{"rendered":"http:\/\/viacaofortaleza.com.br\/?p=730"},"modified":"2018-06-08T17:07:59","modified_gmt":"2018-06-08T20:07:59","slug":"maio-amarelo-saude-mental","status":"publish","type":"post","link":"http:\/\/viacaofortaleza.com.br\/index.php\/2018\/06\/08\/maio-amarelo-saude-mental\/","title":{"rendered":"Maio Amarelo &#8211; Sa\u00fade Mental"},"content":{"rendered":"<p>Unindo as a\u00e7\u00f5es do maio amarelo, de preven\u00e7\u00e3o de acidentes e conscientiza\u00e7\u00e3o para um tr\u00e2nsito melhor, junto \u00e0 preven\u00e7\u00e3o da sa\u00fade mental, realizamos uma palestra com colaboradores e familiares sobre sofrimentos e cuidados em sa\u00fade mental, com o psic\u00f3logo Alexandre Santiago, do SEST\/SENAT. Falando sobre como trabalhar em momentos de estresse e como manter a sa\u00fade mental sempre em dia.<\/p>\n<p>Somos gratos por todos os colaboradores e seus familiares que puderam participar neste dia! Co<span class=\"text_exposed_show\">ntamos sempre com a presen\u00e7a de voc\u00eas!<\/span><\/p>\n<div class=\"text_exposed_show\">\n<p>Via\u00e7\u00e3o Fortaleza<br \/>\nFortalecendo o aprendizado e o entendimento para a melhoria cont\u00ednua<\/p>\n<\/div>\n","protected":false},"excerpt":{"rendered":"<p>Unindo as a\u00e7\u00f5es do maio amarelo, de preven\u00e7\u00e3o de acidentes e conscientiza\u00e7\u00e3o para um tr\u00e2nsito melhor, junto \u00e0 preven\u00e7\u00e3o da sa\u00fade mental, realizamos uma palestra com colaboradores e familiares sobre sofrimentos e cuidados em sa\u00fade mental, com o psic\u00f3logo Alexandre Santiago, do SEST\/SENAT. Falando sobre como trabalhar em momentos de estresse e como manter a&hellip; <br \/> <a class=\"read-more\" href=\"http:\/\/viacaofortaleza.com.br\/index.php\/2018\/06\/08\/maio-amarelo-saude-mental\/\">Leia mais<\/a><\/p>\n","protected":false},"author":1,"featured_media":731,"comment_status":"open","ping_status":"open","sticky":false,"template":"","format":"standard","meta":{"_mi_skip_tracking":false,"_monsterinsights_sitenote_active":false,"_monsterinsights_sitenote_note":"","_monsterinsights_sitenote_category":0,"ngg_post_thumbnail":0},"categories":[12],"tags":[23,43],"_links":{"self":[{"href":"http:\/\/viacaofortaleza.com.br\/index.php\/wp-json\/wp\/v2\/posts\/730"}],"collection":[{"href":"http:\/\/viacaofortaleza.com.br\/index.php\/wp-json\/wp\/v2\/posts"}],"about":[{"href":"http:\/\/viacaofortaleza.com.br\/index.php\/wp-json\/wp\/v2\/types\/post"}],"author":[{"embeddable":true,"href":"http:\/\/viacaofortaleza.com.br\/index.php\/wp-json\/wp\/v2\/users\/1"}],"replies":[{"embeddable":true,"href":"http:\/\/viacaofortaleza.com.br\/index.php\/wp-json\/wp\/v2\/comments?post=730"}],"version-history":[{"count":1,"href":"http:\/\/viacaofortaleza.com.br\/index.php\/wp-json\/wp\/v2\/posts\/730\/revisions"}],"predecessor-version":[{"id":732,"href":"http:\/\/viacaofortaleza.com.br\/index.php\/wp-json\/wp\/v2\/posts\/730\/revisions\/732"}],"wp:featuredmedia":[{"embeddable":true,"href":"http:\/\/viacaofortaleza.com.br\/index.php\/wp-json\/wp\/v2\/media\/731"}],"wp:attachment":[{"href":"http:\/\/viacaofortaleza.com.br\/index.php\/wp-json\/wp\/v2\/media?parent=730"}],"wp:term":[{"taxonomy":"category","embeddable":true,"href":"http:\/\/viacaofortaleza.com.br\/index.php\/wp-json\/wp\/v2\/categories?post=730"},{"taxonomy":"post_tag","embeddable":true,"href":"http:\/\/viacaofortaleza.com.br\/index.php\/wp-json\/wp\/v2\/tags?post=730"}],"curies":[{"name":"wp","href":"https:\/\/api.w.org\/{rel}","templated":true}]}}