{"id":7308,"date":"2020-11-17T08:53:33","date_gmt":"2020-11-17T11:53:33","guid":{"rendered":"http:\/\/viacaofortaleza.com.br\/?p=7308"},"modified":"2020-11-17T08:53:33","modified_gmt":"2020-11-17T11:53:33","slug":"bilhete-unico-sindionibus","status":"publish","type":"post","link":"http:\/\/viacaofortaleza.com.br\/index.php\/2020\/11\/17\/bilhete-unico-sindionibus\/","title":{"rendered":"Bilhete \u00danico &#8211; Sindi\u00f4nibus"},"content":{"rendered":"<p>&gt;COMPARTILHANDO&lt;<\/p>\n<div><img class=\"emojioneemoji\" style=\"border: 0px; font-size: inherit; height: 3ex; width: auto; min-height: 20px; min-width: 20px; display: inline-block; margin: -0.2ex 0.15em 0.2ex; line-height: normal; vertical-align: middle; top: 0px;\" src=\"https:\/\/cdn.jsdelivr.net\/emojione\/assets\/4.0\/png\/32\/1f4b3.png\" alt=\"?\">&nbsp;O Bilhete \u00danico \u00e9 emitido na hora, de forma gratuita, basta apresentar: RG, CPF e comprovante de endere\u00e7o. Fa\u00e7a j\u00e1 o seu!<br \/>\nPontos de Cadastro para Bilhete \u00danico:&nbsp;<\/p>\n<div>\n<div><img class=\"emojioneemoji\" style=\"border: 0px; font-size: inherit; height: 3ex; width: auto; min-height: 20px; min-width: 20px; display: inline-block; margin: -0.2ex 0.15em 0.2ex; line-height: normal; vertical-align: middle; top: 0px;\" src=\"https:\/\/cdn.jsdelivr.net\/emojione\/assets\/4.0\/png\/32\/2714.png\" alt=\"\u2714\">Sede do Sindi\u00f4nibus (Av. Borges de Melo, 60) &#8211; Segunda a sexta das 8h \u00e0s 16:45h;<\/p>\n<div>&nbsp;<\/div>\n<p><img class=\"emojioneemoji\" style=\"border: 0px; font-size: inherit; height: 3ex; width: auto; min-height: 20px; min-width: 20px; display: inline-block; margin: -0.2ex 0.15em 0.2ex; line-height: normal; vertical-align: middle; top: 0px;\" src=\"https:\/\/cdn.jsdelivr.net\/emojione\/assets\/4.0\/png\/32\/2714.png\" alt=\"\u2714\">Terminal Papicu e Siqueira &#8211; Segunda \u00e0 sexta das 8h \u00e0s 14;<\/div>\n<div>\n<div>&nbsp;<\/div>\n<p><img class=\"emojioneemoji\" style=\"border: 0px; font-size: inherit; height: 3ex; width: auto; min-height: 20px; min-width: 20px; display: inline-block; margin: -0.2ex 0.15em 0.2ex; line-height: normal; vertical-align: middle; top: 0px;\" src=\"https:\/\/cdn.jsdelivr.net\/emojione\/assets\/4.0\/png\/32\/2714.png\" alt=\"\u2714\">Shopping Rio Mar Kennedy e Shopping Aldeota (agendamento pelo site da Etufor);<\/p>\n<div>&nbsp;<\/div>\n<p><img class=\"emojioneemoji\" style=\"border: 0px; font-size: inherit; height: 3ex; width: auto; min-height: 20px; min-width: 20px; display: inline-block; margin: -0.2ex 0.15em 0.2ex; line-height: normal; vertical-align: middle; top: 0px;\" src=\"https:\/\/cdn.jsdelivr.net\/emojione\/assets\/4.0\/png\/32\/2714.png\" alt=\"\u2714\">Vapt-Vupt Messejana e Ant\u00f4nio Bezerra (agendamento pelo site vapt vupt);<\/p>\n<div>&nbsp;<\/div>\n<p><img class=\"emojioneemoji\" style=\"border: 0px; font-size: inherit; height: 3ex; width: auto; min-height: 20px; min-width: 20px; display: inline-block; margin: -0.2ex 0.15em 0.2ex; line-height: normal; vertical-align: middle; top: 0px;\" src=\"https:\/\/cdn.jsdelivr.net\/emojione\/assets\/4.0\/png\/32\/2714.png\" alt=\"\u2714\">Pra\u00e7a Central da Cidade de Caucaia (segunda a sexta das 8h \u00e0s 17h &#8211; Rua Pedro Gomes da Rocha, esquina com R. Coronel Correia).<\/p>\n<div>&nbsp;<\/div>\n<p><img class=\"emojioneemoji\" style=\"border: 0px; font-size: inherit; height: 3ex; width: auto; min-height: 20px; min-width: 20px; display: inline-block; margin: -0.2ex 0.15em 0.2ex; line-height: normal; vertical-align: middle; top: 0px;\" src=\"https:\/\/cdn.jsdelivr.net\/emojione\/assets\/4.0\/png\/32\/2714.png\" alt=\"\u2714\">Maracana\u00fa: Rua Capit\u00e3o Valdemar de Lima, S\/N &#8211; Centro, Maracana\u00fa<\/p>\n<div>&nbsp;<\/div>\n<div><img class=\"emojioneemoji\" style=\"border: 0px; font-size: inherit; height: 3ex; width: auto; min-height: 20px; min-width: 20px; display: inline-block; margin: -0.2ex 0.15em 0.2ex; line-height: normal; vertical-align: middle; top: 0px;\" src=\"https:\/\/cdn.jsdelivr.net\/emojione\/assets\/4.0\/png\/32\/1f503.png\" alt=\"?\">&nbsp;Voc\u00ea pode recarregar seus cart\u00f5es pelo APP Meu \u00d4nibus e\/ou aproveitar as idas a supermercados, farm\u00e1cias e lot\u00e9ricas para recarregar.<br \/>\n<img class=\"emojioneemoji\" style=\"border: 0px; font-size: inherit; height: 3ex; width: auto; min-height: 20px; min-width: 20px; display: inline-block; margin: -0.2ex 0.15em 0.2ex; line-height: normal; vertical-align: middle; top: 0px;\" src=\"https:\/\/cdn.jsdelivr.net\/emojione\/assets\/4.0\/png\/32\/2705.png\" alt=\"\u2705\">&nbsp;Baixe o APP Meu \u00d4nibus nas lojas de Aplicativos<\/p>\n<div>&nbsp;<\/div>\n<p><img class=\"emojioneemoji\" style=\"border: 0px; font-size: inherit; height: 3ex; width: auto; min-height: 20px; min-width: 20px; display: inline-block; margin: -0.2ex 0.15em 0.2ex; line-height: normal; vertical-align: middle; top: 0px;\" src=\"https:\/\/cdn.jsdelivr.net\/emojione\/assets\/4.0\/png\/32\/2705.png\" alt=\"\u2705\">&nbsp;Veja os pontos de recarga no seu bairro, acesse o site da Libercard: www.libercard.com.br\/libercard\/rede-recarga-vt\/<\/p>\n<div>&nbsp;<\/div>\n<p><img class=\"emojioneemoji\" style=\"border: 0px; font-size: inherit; height: 3ex; width: auto; min-height: 20px; min-width: 20px; display: inline-block; margin: -0.2ex 0.15em 0.2ex; line-height: normal; vertical-align: middle; top: 0px;\" src=\"https:\/\/cdn.jsdelivr.net\/emojione\/assets\/4.0\/png\/32\/2705.png\" alt=\"\u2705\">&nbsp;Aproveite e saiba mais sobre o Cart\u00e3o Liber Multi &#8211; Um cart\u00e3o pr\u00e9-pago bem vers\u00e1til. Com ele voc\u00ea pode pagar passagem de \u00f4nibus, pagar contas, comprar na rede credenciada e fazer recargas de celular. Saiba mais: www.libercard.com.br<\/div>\n<div>&nbsp;<\/div>\n<div><img class=\"emojioneemoji\" style=\"border: 0px; font-size: inherit; height: 3ex; width: auto; min-height: 20px; min-width: 20px; display: inline-block; margin: -0.2ex 0.15em 0.2ex; line-height: normal; vertical-align: middle; top: 0px;\" src=\"https:\/\/cdn.jsdelivr.net\/emojione\/assets\/4.0\/png\/32\/1f4f2.png\" alt=\"?\">&nbsp;Use o celular para fazer a recarga do seu Cart\u00e3o Transporte.<\/p>\n<div>&nbsp;<\/div>\n<p><img class=\"emojioneemoji\" style=\"border: 0px; font-size: inherit; height: 3ex; width: auto; min-height: 20px; min-width: 20px; display: inline-block; margin: -0.2ex 0.15em 0.2ex; line-height: normal; vertical-align: middle; top: 0px;\" src=\"https:\/\/cdn.jsdelivr.net\/emojione\/assets\/4.0\/png\/32\/1f933-1f3fb.png\" alt=\"??\">&nbsp;Voc\u00ea pode fazer a recarga diretamente no site da Libercard ou instalar o APP Meu \u00d4nibus para tornar suas recargas mais f\u00e1ceis e r\u00e1pidas.<\/div>\n<div>&nbsp;<\/div>\n<p><img class=\"emojioneemoji\" style=\"border: 0px; font-size: inherit; height: 3ex; width: auto; min-height: 20px; min-width: 20px; display: inline-block; margin: -0.2ex 0.15em 0.2ex; line-height: normal; vertical-align: middle; top: 0px;\" src=\"https:\/\/cdn.jsdelivr.net\/emojione\/assets\/4.0\/png\/32\/1f4b3.png\" alt=\"?\">&nbsp;Autoatendimento: Seguran\u00e7a, economia e agilidade para voc\u00ea!<\/div>\n<div>&nbsp;<\/div>\n<div><span style=\"color: #555555; font-family: Arial, 'Helvetica Neue', Helvetica, sans-serif; font-size: 14px; background-color: #ffffff;\">#Sindi\u00f4nibus #ModernoeColetivo #Autoatendimento #Seguran\u00e7a #Economia #Agilidade<\/span><\/div>\n<\/div>\n<\/div>\n","protected":false},"excerpt":{"rendered":"<p>&gt;COMPARTILHANDO&lt; &nbsp;O Bilhete \u00danico \u00e9 emitido na hora, de forma gratuita, basta apresentar: RG, CPF e comprovante de endere\u00e7o. Fa\u00e7a j\u00e1 o seu! Pontos de Cadastro para Bilhete \u00danico:&nbsp; Sede do Sindi\u00f4nibus (Av. Borges de Melo, 60) &#8211; Segunda a sexta das 8h \u00e0s 16:45h; &nbsp; Terminal Papicu e Siqueira &#8211; Segunda \u00e0 sexta das&hellip; <br \/> <a class=\"read-more\" href=\"http:\/\/viacaofortaleza.com.br\/index.php\/2020\/11\/17\/bilhete-unico-sindionibus\/\">Leia mais<\/a><\/p>\n","protected":false},"author":1,"featured_media":7310,"comment_status":"open","ping_status":"open","sticky":false,"template":"","format":"standard","meta":{"_mi_skip_tracking":false,"_monsterinsights_sitenote_active":false,"_monsterinsights_sitenote_note":"","_monsterinsights_sitenote_category":0,"ngg_post_thumbnail":0},"categories":[1],"tags":[741],"_links":{"self":[{"href":"http:\/\/viacaofortaleza.com.br\/index.php\/wp-json\/wp\/v2\/posts\/7308"}],"collection":[{"href":"http:\/\/viacaofortaleza.com.br\/index.php\/wp-json\/wp\/v2\/posts"}],"about":[{"href":"http:\/\/viacaofortaleza.com.br\/index.php\/wp-json\/wp\/v2\/types\/post"}],"author":[{"embeddable":true,"href":"http:\/\/viacaofortaleza.com.br\/index.php\/wp-json\/wp\/v2\/users\/1"}],"replies":[{"embeddable":true,"href":"http:\/\/viacaofortaleza.com.br\/index.php\/wp-json\/wp\/v2\/comments?post=7308"}],"version-history":[{"count":1,"href":"http:\/\/viacaofortaleza.com.br\/index.php\/wp-json\/wp\/v2\/posts\/7308\/revisions"}],"predecessor-version":[{"id":7311,"href":"http:\/\/viacaofortaleza.com.br\/index.php\/wp-json\/wp\/v2\/posts\/7308\/revisions\/7311"}],"wp:featuredmedia":[{"embeddable":true,"href":"http:\/\/viacaofortaleza.com.br\/index.php\/wp-json\/wp\/v2\/media\/7310"}],"wp:attachment":[{"href":"http:\/\/viacaofortaleza.com.br\/index.php\/wp-json\/wp\/v2\/media?parent=7308"}],"wp:term":[{"taxonomy":"category","embeddable":true,"href":"http:\/\/viacaofortaleza.com.br\/index.php\/wp-json\/wp\/v2\/categories?post=7308"},{"taxonomy":"post_tag","embeddable":true,"href":"http:\/\/viacaofortaleza.com.br\/index.php\/wp-json\/wp\/v2\/tags?post=7308"}],"curies":[{"name":"wp","href":"https:\/\/api.w.org\/{rel}","templated":true}]}}