{"id":7319,"date":"2020-12-01T08:00:41","date_gmt":"2020-12-01T11:00:41","guid":{"rendered":"http:\/\/viacaofortaleza.com.br\/?p=7319"},"modified":"2020-11-19T10:11:00","modified_gmt":"2020-11-19T13:11:00","slug":"dia-internacional-da-luta-contra-a-aids-3","status":"publish","type":"post","link":"http:\/\/viacaofortaleza.com.br\/index.php\/2020\/12\/01\/dia-internacional-da-luta-contra-a-aids-3\/","title":{"rendered":"Dia Internacional da Luta Contra a AIDS"},"content":{"rendered":"<p>Nesse Dia Internacional da Luta contra a AIDS, trouxemos algumas informa\u00e7\u00f5es que valem a pena ser compartilhadas!<\/p>\n<div><img loading=\"lazy\" class=\"emojioneemoji\" src=\"https:\/\/cdn.jsdelivr.net\/emojione\/assets\/4.0\/png\/32\/0031-20e3.png\" alt=\"1\ufe0f\u20e3\" width=\"20\" height=\"20\">A AIDS (S\u00edndrome da Imunodefici\u00eancia Adquirida) \u00e9 uma doen\u00e7a causada pelo HIV (V\u00edrus da Imunodefici\u00eancia Adquirida), que ataca o sistema imunol\u00f3gico e deixa o organismo vulner\u00e1vel \u00e0 doen\u00e7as.<\/div>\n<div>&nbsp;<\/div>\n<div><img loading=\"lazy\" class=\"emojioneemoji\" src=\"https:\/\/cdn.jsdelivr.net\/emojione\/assets\/4.0\/png\/32\/0032-20e3.png\" alt=\"2\ufe0f\u20e3\" width=\"20\" height=\"20\">Algumas semanas depois da infec\u00e7\u00e3o pelo HIV, podem ocorrer sintomas semelhantes aos da gripe, como febre, dor de garganta e fadiga. A doen\u00e7a costuma ser assintom\u00e1tica at\u00e9 evoluir para AIDS. Os sintomas da AIDS incluem perda de peso, febre ou sudorese noturna, fadiga e infec\u00e7\u00f5es recorrentes.<\/div>\n<div>&nbsp;<\/div>\n<div><img loading=\"lazy\" class=\"emojioneemoji\" src=\"https:\/\/cdn.jsdelivr.net\/emojione\/assets\/4.0\/png\/32\/0033-20e3.png\" alt=\"3\ufe0f\u20e3\" width=\"20\" height=\"20\">&nbsp;A propaga\u00e7\u00e3o da AIDS acontece por meio de produtos sangu\u00edneos (agulhas sujas ou sangue n\u00e3o testado).&nbsp;Por sexo vaginal, anal ou oral sem prote\u00e7\u00e3o.&nbsp;De m\u00e3e para beb\u00ea durante a gravidez, parto ou amamenta\u00e7\u00e3o.<\/div>\n<div>&nbsp;<\/div>\n<div><img loading=\"lazy\" class=\"emojioneemoji\" src=\"https:\/\/cdn.jsdelivr.net\/emojione\/assets\/4.0\/png\/32\/0034-20e3.png\" alt=\"4\ufe0f\u20e3\" width=\"20\" height=\"20\">&nbsp;O tratamento \u00e9 feito por meio do uso de antivirais contra o HIV.&nbsp;N\u00e3o existe cura para a AIDS, mas uma ades\u00e3o estrita aos regimes antirretrovirais (ARVs) pode retardar significativamente o progresso da doen\u00e7a, bem como prevenir infec\u00e7\u00f5es secund\u00e1rias e complica\u00e7\u00f5es.<\/div>\n<div>&nbsp;<\/div>\n<div><img loading=\"lazy\" class=\"emojioneemoji\" src=\"https:\/\/cdn.jsdelivr.net\/emojione\/assets\/4.0\/png\/32\/0035-20e3.png\" alt=\"5\ufe0f\u20e3\" width=\"20\" height=\"20\">&nbsp;A forma de preven\u00e7\u00e3o \u00e9 bem simples:&nbsp;Use sempre camisinha em todas as rela\u00e7\u00f5es sexuais!<br \/>\n&nbsp;<\/p>\n<div>01.12 &#8211; Dia Internacional da Luta contra a AIDS<\/div>\n<\/div>\n","protected":false},"excerpt":{"rendered":"<p>Nesse Dia Internacional da Luta contra a AIDS, trouxemos algumas informa\u00e7\u00f5es que valem a pena ser compartilhadas! A AIDS (S\u00edndrome da Imunodefici\u00eancia Adquirida) \u00e9 uma doen\u00e7a causada pelo HIV (V\u00edrus da Imunodefici\u00eancia Adquirida), que ataca o sistema imunol\u00f3gico e deixa o organismo vulner\u00e1vel \u00e0 doen\u00e7as. &nbsp; Algumas semanas depois da infec\u00e7\u00e3o pelo HIV, podem ocorrer&hellip; <br \/> <a class=\"read-more\" href=\"http:\/\/viacaofortaleza.com.br\/index.php\/2020\/12\/01\/dia-internacional-da-luta-contra-a-aids-3\/\">Leia mais<\/a><\/p>\n","protected":false},"author":1,"featured_media":7321,"comment_status":"open","ping_status":"open","sticky":false,"template":"","format":"standard","meta":{"_mi_skip_tracking":false,"_monsterinsights_sitenote_active":false,"_monsterinsights_sitenote_note":"","_monsterinsights_sitenote_category":0,"ngg_post_thumbnail":0},"categories":[3],"tags":[180],"_links":{"self":[{"href":"http:\/\/viacaofortaleza.com.br\/index.php\/wp-json\/wp\/v2\/posts\/7319"}],"collection":[{"href":"http:\/\/viacaofortaleza.com.br\/index.php\/wp-json\/wp\/v2\/posts"}],"about":[{"href":"http:\/\/viacaofortaleza.com.br\/index.php\/wp-json\/wp\/v2\/types\/post"}],"author":[{"embeddable":true,"href":"http:\/\/viacaofortaleza.com.br\/index.php\/wp-json\/wp\/v2\/users\/1"}],"replies":[{"embeddable":true,"href":"http:\/\/viacaofortaleza.com.br\/index.php\/wp-json\/wp\/v2\/comments?post=7319"}],"version-history":[{"count":1,"href":"http:\/\/viacaofortaleza.com.br\/index.php\/wp-json\/wp\/v2\/posts\/7319\/revisions"}],"predecessor-version":[{"id":7322,"href":"http:\/\/viacaofortaleza.com.br\/index.php\/wp-json\/wp\/v2\/posts\/7319\/revisions\/7322"}],"wp:featuredmedia":[{"embeddable":true,"href":"http:\/\/viacaofortaleza.com.br\/index.php\/wp-json\/wp\/v2\/media\/7321"}],"wp:attachment":[{"href":"http:\/\/viacaofortaleza.com.br\/index.php\/wp-json\/wp\/v2\/media?parent=7319"}],"wp:term":[{"taxonomy":"category","embeddable":true,"href":"http:\/\/viacaofortaleza.com.br\/index.php\/wp-json\/wp\/v2\/categories?post=7319"},{"taxonomy":"post_tag","embeddable":true,"href":"http:\/\/viacaofortaleza.com.br\/index.php\/wp-json\/wp\/v2\/tags?post=7319"}],"curies":[{"name":"wp","href":"https:\/\/api.w.org\/{rel}","templated":true}]}}