{"id":7323,"date":"2020-11-20T10:27:30","date_gmt":"2020-11-20T13:27:30","guid":{"rendered":"http:\/\/viacaofortaleza.com.br\/?p=7323"},"modified":"2020-11-20T10:27:30","modified_gmt":"2020-11-20T13:27:30","slug":"informativo-renovacao-da-carteira-nacional-de-habilitacao-cnh","status":"publish","type":"post","link":"http:\/\/viacaofortaleza.com.br\/index.php\/2020\/11\/20\/informativo-renovacao-da-carteira-nacional-de-habilitacao-cnh\/","title":{"rendered":"INFORMATIVO &#8211; Renova\u00e7\u00e3o da Carteira Nacional de Habilita\u00e7\u00e3o (CNH)"},"content":{"rendered":"<p>Um dos prazos alterados pela revoga\u00e7\u00e3o da Resolu\u00e7\u00e3o n\u00ba 782, do Contran, \u00e9 o per\u00edodo para renova\u00e7\u00e3o da Carteira Nacional de Habilita\u00e7\u00e3o (CNH).<span class=\"_5mfr\"><span class=\"_6qdm\">?<\/span><\/span>&nbsp;A partir de 1\u00ba dezembro, os condutores que tiveram habilita\u00e7\u00e3o vencida no per\u00edodo de 2020 ter\u00e3o at\u00e9 12 meses para renovar a documenta\u00e7\u00e3o.<span class=\"_5mfr\"><span class=\"_6qdm\">?<\/span><\/span><span class=\"_5mfr\"><span class=\"_6qdm\">??<\/span><\/span><\/p>\n<p>A nova medida restabelece a contagem dos prazos de maneira acess\u00edvel, tendo em vista a normaliza\u00e7\u00e3o das atividades dos \u00f3rg\u00e3os de tr\u00e2nsito e o retorno das atividades presenciais ao p\u00fablico e, portanto, o cumprimento dos prazos previstos na legisla\u00e7\u00e3o.<span class=\"_5mfr\"><span class=\"_6qdm\">?<\/span><\/span><span class=\"_5mfr\"><span class=\"_6qdm\">?<\/span><\/span><\/p>\n<p>Saiba mais:<span class=\"_5mfr\"><span class=\"_6qdm\">?<\/span><\/span><a href=\"https:\/\/bit.ly\/prazoscontran?fbclid=IwAR1yZjIxSAZGlCk_1vytNK0XLETwE5iKZKK6B_0sUir9K0jn12Fv02h-BYI\" target=\"_blank\" rel=\"noopener nofollow\" data-ft=\"{&quot;tn&quot;:&quot;-U&quot;}\" data-lynx-mode=\"async\" data-lynx-uri=\"https:\/\/l.facebook.com\/l.php?u=https%3A%2F%2Fbit.ly%2Fprazoscontran%3Ffbclid%3DIwAR1yZjIxSAZGlCk_1vytNK0XLETwE5iKZKK6B_0sUir9K0jn12Fv02h-BYI&amp;h=AT3GD-Ou_8xr6XHmZeXcCgBoJ8gECxxraoNGlsiTPopIG_IERrcvjhH_y03GeViSTJXCBpiV9bK0lCK9md6jbUNb7CqYitZEusu4Umh3vGV-r67QGNMFmofwC1u_J_dXpsd8VamAD2psaID-aH8tGNHUcTBnnw369CqhPp6lbRBBz5G78DNRbj10bCqzYhWHuv0BCN3XLiPvZYgMHBB_M-p-jrCcLi-HXhHchjAYTQKIj2PGBCZ8o-_B1l9M0j24po6nf5xPU0QN2olOWVaEu3UO7lh7btGlJkTP8SCFU9rTSmf8MydkE6VLRKh8DioWkId6_AfWHcotBp8ZLs5w2kFshSZvPl2pFs5iw6RSKokPRd9fixkduNDwuh1cf1JZK6f1iiA--eOla7FoV6sx2409I83gzxzkerUHpJ3WA2JWuXuQaM8EXdelmqpwwvKO_kjj6VsQPi7OtNKw-X-usq_GKqxSv3ljke01ZGHvAqk5ZnuGSoob3ILRQHhrweImYilezbdbJdJz5ZMACjSTn0Iy3KXw8eHywI9eNO66N8I9hiLvtEfaBaa7opHncK31T17Qxdg_gwCuVLGL_xqpYD7BcaWHcVQzV4S-E91V7bYbwgPkimfDKlk0KDPsrCZCxxgG\">https:\/\/bit.ly\/prazoscontran<\/a><\/p>\n","protected":false},"excerpt":{"rendered":"<p>Um dos prazos alterados pela revoga\u00e7\u00e3o da Resolu\u00e7\u00e3o n\u00ba 782, do Contran, \u00e9 o per\u00edodo para renova\u00e7\u00e3o da Carteira Nacional de Habilita\u00e7\u00e3o (CNH).?&nbsp;A partir de 1\u00ba dezembro, os condutores que tiveram habilita\u00e7\u00e3o vencida no per\u00edodo de 2020 ter\u00e3o at\u00e9 12 meses para renovar a documenta\u00e7\u00e3o.??? A nova medida restabelece a contagem dos prazos de maneira&hellip; <br \/> <a class=\"read-more\" href=\"http:\/\/viacaofortaleza.com.br\/index.php\/2020\/11\/20\/informativo-renovacao-da-carteira-nacional-de-habilitacao-cnh\/\">Leia mais<\/a><\/p>\n","protected":false},"author":1,"featured_media":7324,"comment_status":"open","ping_status":"open","sticky":false,"template":"","format":"standard","meta":{"_mi_skip_tracking":false,"_monsterinsights_sitenote_active":false,"_monsterinsights_sitenote_note":"","_monsterinsights_sitenote_category":0,"ngg_post_thumbnail":0},"categories":[1],"tags":[742],"_links":{"self":[{"href":"http:\/\/viacaofortaleza.com.br\/index.php\/wp-json\/wp\/v2\/posts\/7323"}],"collection":[{"href":"http:\/\/viacaofortaleza.com.br\/index.php\/wp-json\/wp\/v2\/posts"}],"about":[{"href":"http:\/\/viacaofortaleza.com.br\/index.php\/wp-json\/wp\/v2\/types\/post"}],"author":[{"embeddable":true,"href":"http:\/\/viacaofortaleza.com.br\/index.php\/wp-json\/wp\/v2\/users\/1"}],"replies":[{"embeddable":true,"href":"http:\/\/viacaofortaleza.com.br\/index.php\/wp-json\/wp\/v2\/comments?post=7323"}],"version-history":[{"count":1,"href":"http:\/\/viacaofortaleza.com.br\/index.php\/wp-json\/wp\/v2\/posts\/7323\/revisions"}],"predecessor-version":[{"id":7325,"href":"http:\/\/viacaofortaleza.com.br\/index.php\/wp-json\/wp\/v2\/posts\/7323\/revisions\/7325"}],"wp:featuredmedia":[{"embeddable":true,"href":"http:\/\/viacaofortaleza.com.br\/index.php\/wp-json\/wp\/v2\/media\/7324"}],"wp:attachment":[{"href":"http:\/\/viacaofortaleza.com.br\/index.php\/wp-json\/wp\/v2\/media?parent=7323"}],"wp:term":[{"taxonomy":"category","embeddable":true,"href":"http:\/\/viacaofortaleza.com.br\/index.php\/wp-json\/wp\/v2\/categories?post=7323"},{"taxonomy":"post_tag","embeddable":true,"href":"http:\/\/viacaofortaleza.com.br\/index.php\/wp-json\/wp\/v2\/tags?post=7323"}],"curies":[{"name":"wp","href":"https:\/\/api.w.org\/{rel}","templated":true}]}}