{"id":7329,"date":"2020-11-20T13:01:23","date_gmt":"2020-11-20T16:01:23","guid":{"rendered":"http:\/\/viacaofortaleza.com.br\/?p=7329"},"modified":"2020-11-20T10:42:11","modified_gmt":"2020-11-20T13:42:11","slug":"curso-sest-senat","status":"publish","type":"post","link":"http:\/\/viacaofortaleza.com.br\/index.php\/2020\/11\/20\/curso-sest-senat\/","title":{"rendered":"Curso Sest Senat"},"content":{"rendered":"<div><img loading=\"lazy\" class=\"emojioneemoji\" src=\"https:\/\/cdn.jsdelivr.net\/emojione\/assets\/4.0\/png\/32\/2705.png\" alt=\"\u2705\" width=\"20\" height=\"20\">&nbsp;Quer dar uma alavancada na sua carreira profissional?<\/p>\n<div>&nbsp;<\/div>\n<div>O Sest Senat Fortaleza est\u00e1 com inscri\u00e7\u00f5es abertas para o curso de Gest\u00e3o de Pessoas. As aulas ser\u00e3o na modalidade online, realizadas por meio de recursos digitais.<\/p>\n<div>&nbsp;<\/div>\n<p>Mais informa\u00e7\u00f5es: (85) 3304-4111<\/p><\/div>\n<div>&nbsp;<\/div>\n<\/div>\n<div>#sestsenat #cursos<\/div>\n","protected":false},"excerpt":{"rendered":"<p>&nbsp;Quer dar uma alavancada na sua carreira profissional? &nbsp; O Sest Senat Fortaleza est\u00e1 com inscri\u00e7\u00f5es abertas para o curso de Gest\u00e3o de Pessoas. As aulas ser\u00e3o na modalidade online, realizadas por meio de recursos digitais. &nbsp; Mais informa\u00e7\u00f5es: (85) 3304-4111 &nbsp; #sestsenat #cursos<\/p>\n","protected":false},"author":1,"featured_media":7330,"comment_status":"open","ping_status":"open","sticky":false,"template":"","format":"standard","meta":{"_mi_skip_tracking":false,"_monsterinsights_sitenote_active":false,"_monsterinsights_sitenote_note":"","_monsterinsights_sitenote_category":0,"ngg_post_thumbnail":0},"categories":[1],"tags":[743],"_links":{"self":[{"href":"http:\/\/viacaofortaleza.com.br\/index.php\/wp-json\/wp\/v2\/posts\/7329"}],"collection":[{"href":"http:\/\/viacaofortaleza.com.br\/index.php\/wp-json\/wp\/v2\/posts"}],"about":[{"href":"http:\/\/viacaofortaleza.com.br\/index.php\/wp-json\/wp\/v2\/types\/post"}],"author":[{"embeddable":true,"href":"http:\/\/viacaofortaleza.com.br\/index.php\/wp-json\/wp\/v2\/users\/1"}],"replies":[{"embeddable":true,"href":"http:\/\/viacaofortaleza.com.br\/index.php\/wp-json\/wp\/v2\/comments?post=7329"}],"version-history":[{"count":1,"href":"http:\/\/viacaofortaleza.com.br\/index.php\/wp-json\/wp\/v2\/posts\/7329\/revisions"}],"predecessor-version":[{"id":7331,"href":"http:\/\/viacaofortaleza.com.br\/index.php\/wp-json\/wp\/v2\/posts\/7329\/revisions\/7331"}],"wp:featuredmedia":[{"embeddable":true,"href":"http:\/\/viacaofortaleza.com.br\/index.php\/wp-json\/wp\/v2\/media\/7330"}],"wp:attachment":[{"href":"http:\/\/viacaofortaleza.com.br\/index.php\/wp-json\/wp\/v2\/media?parent=7329"}],"wp:term":[{"taxonomy":"category","embeddable":true,"href":"http:\/\/viacaofortaleza.com.br\/index.php\/wp-json\/wp\/v2\/categories?post=7329"},{"taxonomy":"post_tag","embeddable":true,"href":"http:\/\/viacaofortaleza.com.br\/index.php\/wp-json\/wp\/v2\/tags?post=7329"}],"curies":[{"name":"wp","href":"https:\/\/api.w.org\/{rel}","templated":true}]}}