{"id":7352,"date":"2020-12-11T09:00:17","date_gmt":"2020-12-11T12:00:17","guid":{"rendered":"http:\/\/viacaofortaleza.com.br\/?p=7352"},"modified":"2020-11-25T10:02:00","modified_gmt":"2020-11-25T13:02:00","slug":"dica-de-leitura-cem-anos-de-solidao","status":"publish","type":"post","link":"http:\/\/viacaofortaleza.com.br\/index.php\/2020\/12\/11\/dica-de-leitura-cem-anos-de-solidao\/","title":{"rendered":"Dica de Leitura &#8211; Cem Anos de Solid\u00e3o"},"content":{"rendered":"<p>A #DicaDeLeitura de hoje \u00e9 o livro \u2018Cem Anos de Solid\u00e3o\u2019, de Gabriel Garc\u00eda M\u00e1rquez.<\/p>\n<p>Nessa obra-prima de Gabriel Garc\u00eda M\u00e1rquez encontramos o retrato de 7 gera\u00e7\u00f5es de uma fam\u00edlia colombiana. Os membros da fam\u00edlia Buend\u00eda t\u00eam todos hist\u00f3rias de vida estranhas e fant\u00e1sticas, ligadas \u00e0 cidade que fundaram. Uma mistura invulgar de fantasia e realismo, Cem Anos de Solid\u00e3o \u00e9 considerado um dos melhores livros escritos em espanhol.<\/p>\n<p>#dicadeleitura<\/p>\n","protected":false},"excerpt":{"rendered":"<p>A #DicaDeLeitura de hoje \u00e9 o livro \u2018Cem Anos de Solid\u00e3o\u2019, de Gabriel Garc\u00eda M\u00e1rquez. Nessa obra-prima de Gabriel Garc\u00eda M\u00e1rquez encontramos o retrato de 7 gera\u00e7\u00f5es de uma fam\u00edlia colombiana. Os membros da fam\u00edlia Buend\u00eda t\u00eam todos hist\u00f3rias de vida estranhas e fant\u00e1sticas, ligadas \u00e0 cidade que fundaram. Uma mistura invulgar de fantasia e&hellip; <br \/> <a class=\"read-more\" href=\"http:\/\/viacaofortaleza.com.br\/index.php\/2020\/12\/11\/dica-de-leitura-cem-anos-de-solidao\/\">Leia mais<\/a><\/p>\n","protected":false},"author":1,"featured_media":7342,"comment_status":"open","ping_status":"open","sticky":false,"template":"","format":"standard","meta":{"_mi_skip_tracking":false,"_monsterinsights_sitenote_active":false,"_monsterinsights_sitenote_note":"","_monsterinsights_sitenote_category":0,"ngg_post_thumbnail":0},"categories":[359],"tags":[747],"_links":{"self":[{"href":"http:\/\/viacaofortaleza.com.br\/index.php\/wp-json\/wp\/v2\/posts\/7352"}],"collection":[{"href":"http:\/\/viacaofortaleza.com.br\/index.php\/wp-json\/wp\/v2\/posts"}],"about":[{"href":"http:\/\/viacaofortaleza.com.br\/index.php\/wp-json\/wp\/v2\/types\/post"}],"author":[{"embeddable":true,"href":"http:\/\/viacaofortaleza.com.br\/index.php\/wp-json\/wp\/v2\/users\/1"}],"replies":[{"embeddable":true,"href":"http:\/\/viacaofortaleza.com.br\/index.php\/wp-json\/wp\/v2\/comments?post=7352"}],"version-history":[{"count":2,"href":"http:\/\/viacaofortaleza.com.br\/index.php\/wp-json\/wp\/v2\/posts\/7352\/revisions"}],"predecessor-version":[{"id":7355,"href":"http:\/\/viacaofortaleza.com.br\/index.php\/wp-json\/wp\/v2\/posts\/7352\/revisions\/7355"}],"wp:featuredmedia":[{"embeddable":true,"href":"http:\/\/viacaofortaleza.com.br\/index.php\/wp-json\/wp\/v2\/media\/7342"}],"wp:attachment":[{"href":"http:\/\/viacaofortaleza.com.br\/index.php\/wp-json\/wp\/v2\/media?parent=7352"}],"wp:term":[{"taxonomy":"category","embeddable":true,"href":"http:\/\/viacaofortaleza.com.br\/index.php\/wp-json\/wp\/v2\/categories?post=7352"},{"taxonomy":"post_tag","embeddable":true,"href":"http:\/\/viacaofortaleza.com.br\/index.php\/wp-json\/wp\/v2\/tags?post=7352"}],"curies":[{"name":"wp","href":"https:\/\/api.w.org\/{rel}","templated":true}]}}