{"id":7402,"date":"2020-12-11T17:07:03","date_gmt":"2020-12-11T20:07:03","guid":{"rendered":"http:\/\/viacaofortaleza.com.br\/?p=7402"},"modified":"2020-12-11T17:07:03","modified_gmt":"2020-12-11T20:07:03","slug":"natal-iluminado-2020","status":"publish","type":"post","link":"http:\/\/viacaofortaleza.com.br\/index.php\/2020\/12\/11\/natal-iluminado-2020\/","title":{"rendered":"Natal Iluminado 2020"},"content":{"rendered":"<p>O Natal j\u00e1 chegou por aqui!&nbsp;<img class=\"emojione\" title=\":christmas_tree:\" src=\"https:\/\/cdn.jsdelivr.net\/emojione\/assets\/4.0\/png\/32\/1f384.png\" alt=\"?\"><img class=\"emojioneemoji\" src=\"https:\/\/cdn.jsdelivr.net\/emojione\/assets\/4.0\/png\/32\/1f385.png\" alt=\"?\">&nbsp;<\/p>\n<p>O nosso \u00f4nibus iluminado estar\u00e1 levando luz, alegria e muitas energias positivas para nossos usu\u00e1rios nos dias e linhas abaixo!<\/p>\n<p><img class=\"emojione\" title=\":christmas_tree:\" src=\"https:\/\/cdn.jsdelivr.net\/emojione\/assets\/4.0\/png\/32\/1f384.png\" alt=\"?\">08 \u00e0 11\/12: Linha 024 &#8211; Ant\u00f4nio Bezerra\/ Lagoa\/ Unifor<br \/>\n<img class=\"emojione\" title=\":christmas_tree:\" src=\"https:\/\/cdn.jsdelivr.net\/emojione\/assets\/4.0\/png\/32\/1f384.png\" alt=\"?\">14 \u00e0 18\/12: Linha 315 &#8211; Messejana\/ Parangaba<br \/>\n<img class=\"emojione\" title=\":christmas_tree:\" src=\"https:\/\/cdn.jsdelivr.net\/emojione\/assets\/4.0\/png\/32\/1f384.png\" alt=\"?\">21 \u00e0 25\/12: Linha 068 &#8211; Messejana\/ Papicu\/ Cambeba\/ LJ<br \/>\n<img class=\"emojione\" title=\":christmas_tree:\" src=\"https:\/\/cdn.jsdelivr.net\/emojione\/assets\/4.0\/png\/32\/1f384.png\" alt=\"?\">28 \u00e0 31\/12: 038 &#8211; Parangaba\/ Papicu<\/p>\n<p>Ent\u00e3o n\u00e3o esquece de fazer a sua selfie e marcar a @autoviacaofortaleza! Vamos repostar todas as fotos! Feliz Natal!&nbsp;<img class=\"emojioneemoji\" src=\"https:\/\/cdn.jsdelivr.net\/emojione\/assets\/4.0\/png\/32\/1f385.png\" alt=\"?\"><img class=\"emojioneemoji\" src=\"https:\/\/cdn.jsdelivr.net\/emojione\/assets\/4.0\/png\/32\/1f384.png\" alt=\"?\"><\/p>\n<p>#natal #\u00f4nibusiluminado #nataliluminado #luz #2021<\/p>\n","protected":false},"excerpt":{"rendered":"<p>O Natal j\u00e1 chegou por aqui!&nbsp;&nbsp; O nosso \u00f4nibus iluminado estar\u00e1 levando luz, alegria e muitas energias positivas para nossos usu\u00e1rios nos dias e linhas abaixo! 08 \u00e0 11\/12: Linha 024 &#8211; Ant\u00f4nio Bezerra\/ Lagoa\/ Unifor 14 \u00e0 18\/12: Linha 315 &#8211; Messejana\/ Parangaba 21 \u00e0 25\/12: Linha 068 &#8211; Messejana\/ Papicu\/ Cambeba\/ LJ 28&hellip; <br \/> <a class=\"read-more\" href=\"http:\/\/viacaofortaleza.com.br\/index.php\/2020\/12\/11\/natal-iluminado-2020\/\">Leia mais<\/a><\/p>\n","protected":false},"author":1,"featured_media":7404,"comment_status":"open","ping_status":"open","sticky":false,"template":"","format":"standard","meta":{"_mi_skip_tracking":false,"_monsterinsights_sitenote_active":false,"_monsterinsights_sitenote_note":"","_monsterinsights_sitenote_category":0,"ngg_post_thumbnail":0},"categories":[12],"tags":[757],"_links":{"self":[{"href":"http:\/\/viacaofortaleza.com.br\/index.php\/wp-json\/wp\/v2\/posts\/7402"}],"collection":[{"href":"http:\/\/viacaofortaleza.com.br\/index.php\/wp-json\/wp\/v2\/posts"}],"about":[{"href":"http:\/\/viacaofortaleza.com.br\/index.php\/wp-json\/wp\/v2\/types\/post"}],"author":[{"embeddable":true,"href":"http:\/\/viacaofortaleza.com.br\/index.php\/wp-json\/wp\/v2\/users\/1"}],"replies":[{"embeddable":true,"href":"http:\/\/viacaofortaleza.com.br\/index.php\/wp-json\/wp\/v2\/comments?post=7402"}],"version-history":[{"count":1,"href":"http:\/\/viacaofortaleza.com.br\/index.php\/wp-json\/wp\/v2\/posts\/7402\/revisions"}],"predecessor-version":[{"id":7405,"href":"http:\/\/viacaofortaleza.com.br\/index.php\/wp-json\/wp\/v2\/posts\/7402\/revisions\/7405"}],"wp:featuredmedia":[{"embeddable":true,"href":"http:\/\/viacaofortaleza.com.br\/index.php\/wp-json\/wp\/v2\/media\/7404"}],"wp:attachment":[{"href":"http:\/\/viacaofortaleza.com.br\/index.php\/wp-json\/wp\/v2\/media?parent=7402"}],"wp:term":[{"taxonomy":"category","embeddable":true,"href":"http:\/\/viacaofortaleza.com.br\/index.php\/wp-json\/wp\/v2\/categories?post=7402"},{"taxonomy":"post_tag","embeddable":true,"href":"http:\/\/viacaofortaleza.com.br\/index.php\/wp-json\/wp\/v2\/tags?post=7402"}],"curies":[{"name":"wp","href":"https:\/\/api.w.org\/{rel}","templated":true}]}}