{"id":7414,"date":"2020-12-14T09:00:45","date_gmt":"2020-12-14T12:00:45","guid":{"rendered":"http:\/\/viacaofortaleza.com.br\/?p=7414"},"modified":"2020-12-14T08:14:09","modified_gmt":"2020-12-14T11:14:09","slug":"sipat-coronavirus-sintomas-e-prevencao","status":"publish","type":"post","link":"http:\/\/viacaofortaleza.com.br\/index.php\/2020\/12\/14\/sipat-coronavirus-sintomas-e-prevencao\/","title":{"rendered":"SIPAT -CORONAV\u00cdRUS &#8211; Sintomas e Preven\u00e7\u00e3o"},"content":{"rendered":"<p>Vamos falar sobre CORONAV\u00cdRUS &#8211; Sintomas e Preven\u00e7\u00e3o<\/p>\n<p>Sintomas mais comuns: Febre, tosse seca e cansa\u00e7o.<\/p>\n<p>Sintomas menos comuns: Dores e desconfortos, dor de garganta, diarreia, conjuntivite, dor de cabe\u00e7a, perda de paladar ou olfato, erup\u00e7\u00e3o cut\u00e2nea na pele ou descolora\u00e7\u00e3o dos dedos das m\u00e3os ou dos p\u00e9s.<\/p>\n<p>Sintomas graves: Dificuldade de respirar ou falta de ar, dor ou press\u00e3o no peito, perda de fala ou movimento.<\/p>\n<p>Procure atendimento m\u00e9dico imediato se tiver estes sintomas. Sempre ligue antes de ir ao m\u00e9dico ou posto de sa\u00fade, cl\u00ednicas ou hospitais. Pessoas saud\u00e1veis que apresentarem os sintomas leves devem acompanhar seus sintomas em casa. Em m\u00e9dia, os sintomas aparecem ap\u00f3s 5 ou 6 dias depois de ser infectado com o v\u00edrus. Por\u00e9m, isso pode levar at\u00e9 14 dias.<\/p>\n<p>As recomenda\u00e7\u00f5es de preven\u00e7\u00e3o \u00e0 COVID-19 s\u00e3o: O uso de m\u00e1scaras \u00e9 obrigat\u00f3rio; Cubra a boca e o nariz ao tossir ou espirrar; N\u00e3o toque nariz, olhos e boca antes de higienizar as m\u00e3os; Lave as m\u00e3os com \u00e1gua e sab\u00e3o, constantemente; Higienize seus objetos pessoais com \u00e1lcool gel 70% pelo menos 1x ao dia; Mantenha dist\u00e2ncia m\u00ednima de 1,5m de outras pessoas.<\/p>\n<p>Agora, que voc\u00ea j\u00e1 sabe o que fazer, sua tarefa \u00e9 COMPARTILHAR essa publica\u00e7\u00e3o para que mais pessoas possam aprender a se proteger! A ATITUDE \u00c9 INDIVIDUAL, MAS A SEGURAN\u00c7A \u00c9 COLETIVA. Repasse para o maior n\u00famero de pessoas e continue se prevenindo! Cuide-se!<\/p>\n<p>#sipat #coronav\u00edrus #cuidados #preven\u00e7\u00e3o<\/p>\n","protected":false},"excerpt":{"rendered":"<p>Vamos falar sobre CORONAV\u00cdRUS &#8211; Sintomas e Preven\u00e7\u00e3o Sintomas mais comuns: Febre, tosse seca e cansa\u00e7o. Sintomas menos comuns: Dores e desconfortos, dor de garganta, diarreia, conjuntivite, dor de cabe\u00e7a, perda de paladar ou olfato, erup\u00e7\u00e3o cut\u00e2nea na pele ou descolora\u00e7\u00e3o dos dedos das m\u00e3os ou dos p\u00e9s. Sintomas graves: Dificuldade de respirar ou falta&hellip; <br \/> <a class=\"read-more\" href=\"http:\/\/viacaofortaleza.com.br\/index.php\/2020\/12\/14\/sipat-coronavirus-sintomas-e-prevencao\/\">Leia mais<\/a><\/p>\n","protected":false},"author":1,"featured_media":7416,"comment_status":"open","ping_status":"open","sticky":false,"template":"","format":"standard","meta":{"_mi_skip_tracking":false,"_monsterinsights_sitenote_active":false,"_monsterinsights_sitenote_note":"","_monsterinsights_sitenote_category":0,"ngg_post_thumbnail":0},"categories":[12],"tags":[758],"_links":{"self":[{"href":"http:\/\/viacaofortaleza.com.br\/index.php\/wp-json\/wp\/v2\/posts\/7414"}],"collection":[{"href":"http:\/\/viacaofortaleza.com.br\/index.php\/wp-json\/wp\/v2\/posts"}],"about":[{"href":"http:\/\/viacaofortaleza.com.br\/index.php\/wp-json\/wp\/v2\/types\/post"}],"author":[{"embeddable":true,"href":"http:\/\/viacaofortaleza.com.br\/index.php\/wp-json\/wp\/v2\/users\/1"}],"replies":[{"embeddable":true,"href":"http:\/\/viacaofortaleza.com.br\/index.php\/wp-json\/wp\/v2\/comments?post=7414"}],"version-history":[{"count":1,"href":"http:\/\/viacaofortaleza.com.br\/index.php\/wp-json\/wp\/v2\/posts\/7414\/revisions"}],"predecessor-version":[{"id":7417,"href":"http:\/\/viacaofortaleza.com.br\/index.php\/wp-json\/wp\/v2\/posts\/7414\/revisions\/7417"}],"wp:featuredmedia":[{"embeddable":true,"href":"http:\/\/viacaofortaleza.com.br\/index.php\/wp-json\/wp\/v2\/media\/7416"}],"wp:attachment":[{"href":"http:\/\/viacaofortaleza.com.br\/index.php\/wp-json\/wp\/v2\/media?parent=7414"}],"wp:term":[{"taxonomy":"category","embeddable":true,"href":"http:\/\/viacaofortaleza.com.br\/index.php\/wp-json\/wp\/v2\/categories?post=7414"},{"taxonomy":"post_tag","embeddable":true,"href":"http:\/\/viacaofortaleza.com.br\/index.php\/wp-json\/wp\/v2\/tags?post=7414"}],"curies":[{"name":"wp","href":"https:\/\/api.w.org\/{rel}","templated":true}]}}