{"id":7424,"date":"2020-12-18T09:00:00","date_gmt":"2020-12-18T12:00:00","guid":{"rendered":"http:\/\/viacaofortaleza.com.br\/?p=7424"},"modified":"2020-12-23T13:04:30","modified_gmt":"2020-12-23T16:04:30","slug":"sipat-seguranca-no-trabalho-e-no-transito","status":"publish","type":"post","link":"http:\/\/viacaofortaleza.com.br\/index.php\/2020\/12\/18\/sipat-seguranca-no-trabalho-e-no-transito\/","title":{"rendered":"SIPAT &#8211; SEGURAN\u00c7A &#8211; No trabalho e no tr\u00e2nsito"},"content":{"rendered":"<p>Vamos falar sobre SEGURAN\u00c7A &#8211; No trabalho e no tr\u00e2nsito<\/p>\n<p>NO TRABALHO<\/p>\n<p>EPI&#8217;s &#8211; Equipamento de Prote\u00e7\u00e3o Individual &#8211; \u00c9 todo dispositivo ou produto, de uso individual utilizado pelo trabalhador, destinado a prote\u00e7\u00e3o contra riscos capazes de amea\u00e7ar a sua seguran\u00e7a e a sua sa\u00fade. Ex.: \u00d3culos, Capacete, Botas.<\/p>\n<p>EPC&#8217;s &#8211; Equipamento de Prote\u00e7\u00e3o Coletiva &#8211;&nbsp;\u00c9 todo dispositivo ou sistema de \u00e2mbito coletivo, destinado \u00e0 preserva\u00e7\u00e3o da integridade f\u00edsica e da sa\u00fade dos trabalhadores, assim como a<br \/>\nde terceiros. Ex.: Extintor, Corrim\u00e3o.&nbsp;<\/p>\n<p>NO TR\u00c2NSITO<\/p>\n<p>Al\u00e9m de praticar a dire\u00e7\u00e3o defensiva, o motorista deve tomar alguns cuidados para promover a seguran\u00e7a no tr\u00e2nsito. Essa \u00e9 uma forma de cuidar de si, dos demais condutores e passageiros e ainda dos usu\u00e1rios mais vulner\u00e1veis das vias, como os pedestres, motociclistas e ciclistas.<\/p>\n<p>&#8211; Sempre use o cinto de seguran\u00e7a,<br \/>\n&#8211; Se beber, n\u00e3o dirija,<br \/>\n&#8211; Esteja atento \u00e0 sinaliza\u00e7\u00e3o,<br \/>\n&#8211; Deixe o celular de lado,<br \/>\n&#8211; Respeite os limites de velocidade.<\/p>\n<p>VALE LEMBRAR! A ATITUDE \u00c9 INDIVIDUAL, MAS A SEGURAN\u00c7A \u00c9 COLETIVA! COMPARTILHE essa publica\u00e7\u00e3o para que mais pessoas possam aprender a se proteger!&nbsp;Contamos com voc\u00ea para promover um ambiente cada vez mais seguro!<\/p>\n<p>#sipat #sa\u00fade #seguran\u00e7a #prote\u00e7\u00e3o<\/p>\n","protected":false},"excerpt":{"rendered":"<p>Vamos falar sobre SEGURAN\u00c7A &#8211; No trabalho e no tr\u00e2nsito NO TRABALHO EPI&#8217;s &#8211; Equipamento de Prote\u00e7\u00e3o Individual &#8211; \u00c9 todo dispositivo ou produto, de uso individual utilizado pelo trabalhador, destinado a prote\u00e7\u00e3o contra riscos capazes de amea\u00e7ar a sua seguran\u00e7a e a sua sa\u00fade. Ex.: \u00d3culos, Capacete, Botas. EPC&#8217;s &#8211; Equipamento de Prote\u00e7\u00e3o Coletiva&hellip; <br \/> <a class=\"read-more\" href=\"http:\/\/viacaofortaleza.com.br\/index.php\/2020\/12\/18\/sipat-seguranca-no-trabalho-e-no-transito\/\">Leia mais<\/a><\/p>\n","protected":false},"author":1,"featured_media":7428,"comment_status":"open","ping_status":"open","sticky":false,"template":"","format":"standard","meta":{"_mi_skip_tracking":false,"_monsterinsights_sitenote_active":false,"_monsterinsights_sitenote_note":"","_monsterinsights_sitenote_category":0,"ngg_post_thumbnail":0},"categories":[12],"tags":[760],"_links":{"self":[{"href":"http:\/\/viacaofortaleza.com.br\/index.php\/wp-json\/wp\/v2\/posts\/7424"}],"collection":[{"href":"http:\/\/viacaofortaleza.com.br\/index.php\/wp-json\/wp\/v2\/posts"}],"about":[{"href":"http:\/\/viacaofortaleza.com.br\/index.php\/wp-json\/wp\/v2\/types\/post"}],"author":[{"embeddable":true,"href":"http:\/\/viacaofortaleza.com.br\/index.php\/wp-json\/wp\/v2\/users\/1"}],"replies":[{"embeddable":true,"href":"http:\/\/viacaofortaleza.com.br\/index.php\/wp-json\/wp\/v2\/comments?post=7424"}],"version-history":[{"count":1,"href":"http:\/\/viacaofortaleza.com.br\/index.php\/wp-json\/wp\/v2\/posts\/7424\/revisions"}],"predecessor-version":[{"id":7429,"href":"http:\/\/viacaofortaleza.com.br\/index.php\/wp-json\/wp\/v2\/posts\/7424\/revisions\/7429"}],"wp:featuredmedia":[{"embeddable":true,"href":"http:\/\/viacaofortaleza.com.br\/index.php\/wp-json\/wp\/v2\/media\/7428"}],"wp:attachment":[{"href":"http:\/\/viacaofortaleza.com.br\/index.php\/wp-json\/wp\/v2\/media?parent=7424"}],"wp:term":[{"taxonomy":"category","embeddable":true,"href":"http:\/\/viacaofortaleza.com.br\/index.php\/wp-json\/wp\/v2\/categories?post=7424"},{"taxonomy":"post_tag","embeddable":true,"href":"http:\/\/viacaofortaleza.com.br\/index.php\/wp-json\/wp\/v2\/tags?post=7424"}],"curies":[{"name":"wp","href":"https:\/\/api.w.org\/{rel}","templated":true}]}}