{"id":7433,"date":"2020-12-21T09:22:47","date_gmt":"2020-12-21T12:22:47","guid":{"rendered":"http:\/\/viacaofortaleza.com.br\/?p=7433"},"modified":"2020-12-21T09:22:47","modified_gmt":"2020-12-21T12:22:47","slug":"sipat-2020-a-atitude-e-individual-mas-a-seguranca-e-coletiva-2","status":"publish","type":"post","link":"http:\/\/viacaofortaleza.com.br\/index.php\/2020\/12\/21\/sipat-2020-a-atitude-e-individual-mas-a-seguranca-e-coletiva-2\/","title":{"rendered":"SIPAT 2020 &#8211; A Atitude \u00e9 Individual, mas a Seguran\u00e7a \u00e9 Coletiva"},"content":{"rendered":"<div>Na \u00faltima semana, 14 \u00e0 18.12, realizamos a nossa SIPAT 2020, com o tema &#8221;A Atitude \u00e9 Individual, mas a Seguran\u00e7a \u00e9 Coletiva&#8221;.<\/div>\n<div>&nbsp;<\/div>\n<div>Iniciamos a SIPAT com uma Blitz da Sa\u00fade em parceria com o Sest Senat e um Bate-papo sobre a COVID-19, em um espa\u00e7o de imers\u00e3o todo decorado com o tema.<\/div>\n<div>Trouxemos tamb\u00e9m a \u00d3tica Spetaculare, para fazer exame de vista em nossos colaboradores e a Dental Master para aplica\u00e7\u00e3o de fl\u00faor e tira d\u00favidas sobre o plano odontol\u00f3gico.<\/div>\n<div>Al\u00e9m destes, tamb\u00e9m trabalhamos na&nbsp;Roda de Conversa, sobre&nbsp;Seguran\u00e7a Coletiva e, para finalizar a SIPAT, falamos sobre Higiene e Marketing Pessoal, sempre visando o cuidado com a sa\u00fade e a seguran\u00e7a de nossos colaboradores.<\/div>\n<div>&nbsp;<\/div>\n<div>Agradecemos pela participa\u00e7\u00e3o de todos e pela compreens\u00e3o em seguir as regras de seguran\u00e7a e sa\u00fade.<\/div>\n<div>\n<div>&nbsp;<\/div>\n<p>#sipat #sa\u00fade #seguran\u00e7a #prote\u00e7\u00e3o #coletivo<\/p><\/div>\n","protected":false},"excerpt":{"rendered":"<p>Na \u00faltima semana, 14 \u00e0 18.12, realizamos a nossa SIPAT 2020, com o tema &#8221;A Atitude \u00e9 Individual, mas a Seguran\u00e7a \u00e9 Coletiva&#8221;. &nbsp; Iniciamos a SIPAT com uma Blitz da Sa\u00fade em parceria com o Sest Senat e um Bate-papo sobre a COVID-19, em um espa\u00e7o de imers\u00e3o todo decorado com o tema. Trouxemos&hellip; <br \/> <a class=\"read-more\" href=\"http:\/\/viacaofortaleza.com.br\/index.php\/2020\/12\/21\/sipat-2020-a-atitude-e-individual-mas-a-seguranca-e-coletiva-2\/\">Leia mais<\/a><\/p>\n","protected":false},"author":1,"featured_media":7434,"comment_status":"open","ping_status":"open","sticky":false,"template":"","format":"standard","meta":{"_mi_skip_tracking":false,"_monsterinsights_sitenote_active":false,"_monsterinsights_sitenote_note":"","_monsterinsights_sitenote_category":0,"ngg_post_thumbnail":0},"categories":[12],"tags":[756,755],"_links":{"self":[{"href":"http:\/\/viacaofortaleza.com.br\/index.php\/wp-json\/wp\/v2\/posts\/7433"}],"collection":[{"href":"http:\/\/viacaofortaleza.com.br\/index.php\/wp-json\/wp\/v2\/posts"}],"about":[{"href":"http:\/\/viacaofortaleza.com.br\/index.php\/wp-json\/wp\/v2\/types\/post"}],"author":[{"embeddable":true,"href":"http:\/\/viacaofortaleza.com.br\/index.php\/wp-json\/wp\/v2\/users\/1"}],"replies":[{"embeddable":true,"href":"http:\/\/viacaofortaleza.com.br\/index.php\/wp-json\/wp\/v2\/comments?post=7433"}],"version-history":[{"count":1,"href":"http:\/\/viacaofortaleza.com.br\/index.php\/wp-json\/wp\/v2\/posts\/7433\/revisions"}],"predecessor-version":[{"id":7435,"href":"http:\/\/viacaofortaleza.com.br\/index.php\/wp-json\/wp\/v2\/posts\/7433\/revisions\/7435"}],"wp:featuredmedia":[{"embeddable":true,"href":"http:\/\/viacaofortaleza.com.br\/index.php\/wp-json\/wp\/v2\/media\/7434"}],"wp:attachment":[{"href":"http:\/\/viacaofortaleza.com.br\/index.php\/wp-json\/wp\/v2\/media?parent=7433"}],"wp:term":[{"taxonomy":"category","embeddable":true,"href":"http:\/\/viacaofortaleza.com.br\/index.php\/wp-json\/wp\/v2\/categories?post=7433"},{"taxonomy":"post_tag","embeddable":true,"href":"http:\/\/viacaofortaleza.com.br\/index.php\/wp-json\/wp\/v2\/tags?post=7433"}],"curies":[{"name":"wp","href":"https:\/\/api.w.org\/{rel}","templated":true}]}}