{"id":7439,"date":"2020-12-24T10:00:46","date_gmt":"2020-12-24T13:00:46","guid":{"rendered":"http:\/\/viacaofortaleza.com.br\/?p=7439"},"modified":"2020-12-24T09:49:17","modified_gmt":"2020-12-24T12:49:17","slug":"feliz-natal-2","status":"publish","type":"post","link":"http:\/\/viacaofortaleza.com.br\/index.php\/2020\/12\/24\/feliz-natal-2\/","title":{"rendered":"Feliz Natal!"},"content":{"rendered":"<p><img class=\"emojioneemoji\" src=\"https:\/\/cdn.jsdelivr.net\/emojione\/assets\/4.0\/png\/32\/1f385.png\" alt=\"?\"><img class=\"emojioneemoji\" src=\"https:\/\/cdn.jsdelivr.net\/emojione\/assets\/4.0\/png\/32\/1f384.png\" alt=\"?\"><img class=\"emojioneemoji\" src=\"https:\/\/cdn.jsdelivr.net\/emojione\/assets\/4.0\/png\/32\/2603.png\" alt=\"\u2603\"><img class=\"emojioneemoji\" src=\"https:\/\/cdn.jsdelivr.net\/emojione\/assets\/4.0\/png\/32\/1f618.png\" alt=\"?\"><img class=\"emojioneemoji\" src=\"https:\/\/cdn.jsdelivr.net\/emojione\/assets\/4.0\/png\/32\/1f320.png\" alt=\"?\"><img class=\"emojioneemoji\" src=\"https:\/\/cdn.jsdelivr.net\/emojione\/assets\/4.0\/png\/32\/1f495.png\" alt=\"?\"><img class=\"emojioneemoji\" src=\"https:\/\/cdn.jsdelivr.net\/emojione\/assets\/4.0\/png\/32\/1f64f.png\" alt=\"?\"><img class=\"emojioneemoji\" src=\"https:\/\/cdn.jsdelivr.net\/emojione\/assets\/4.0\/png\/32\/1f60d.png\" alt=\"?\"><img class=\"emojioneemoji\" src=\"https:\/\/cdn.jsdelivr.net\/emojione\/assets\/4.0\/png\/32\/1f384.png\" alt=\"?\"><img class=\"emojioneemoji\" src=\"https:\/\/cdn.jsdelivr.net\/emojione\/assets\/4.0\/png\/32\/1f936.png\" alt=\"?\"><\/p>\n<div>&nbsp;<\/div>\n<div>Que todos os bons sentimentos que o Natal traz preencham seu cora\u00e7\u00e3o,&nbsp;trazendo mais alegria todos os dias e que voc\u00ea possa dividir tudo isso com&nbsp;pessoas especiais que fazem parte da sua vida. A Via\u00e7\u00e3o Fortaleza deseja um Feliz Natal \u00e0 todos!<\/p>\n<div>&nbsp;<\/div>\n<div>#natal #amor #uni\u00e3o #felicidade #paz<\/p>\n<div>&nbsp;<\/div>\n<\/div>\n<\/div>\n","protected":false},"excerpt":{"rendered":"<p>&nbsp; Que todos os bons sentimentos que o Natal traz preencham seu cora\u00e7\u00e3o,&nbsp;trazendo mais alegria todos os dias e que voc\u00ea possa dividir tudo isso com&nbsp;pessoas especiais que fazem parte da sua vida. A Via\u00e7\u00e3o Fortaleza deseja um Feliz Natal \u00e0 todos! &nbsp; #natal #amor #uni\u00e3o #felicidade #paz &nbsp;<\/p>\n","protected":false},"author":1,"featured_media":7440,"comment_status":"open","ping_status":"open","sticky":false,"template":"","format":"standard","meta":{"_mi_skip_tracking":false,"_monsterinsights_sitenote_active":false,"_monsterinsights_sitenote_note":"","_monsterinsights_sitenote_category":0,"ngg_post_thumbnail":0},"categories":[12],"tags":[548],"_links":{"self":[{"href":"http:\/\/viacaofortaleza.com.br\/index.php\/wp-json\/wp\/v2\/posts\/7439"}],"collection":[{"href":"http:\/\/viacaofortaleza.com.br\/index.php\/wp-json\/wp\/v2\/posts"}],"about":[{"href":"http:\/\/viacaofortaleza.com.br\/index.php\/wp-json\/wp\/v2\/types\/post"}],"author":[{"embeddable":true,"href":"http:\/\/viacaofortaleza.com.br\/index.php\/wp-json\/wp\/v2\/users\/1"}],"replies":[{"embeddable":true,"href":"http:\/\/viacaofortaleza.com.br\/index.php\/wp-json\/wp\/v2\/comments?post=7439"}],"version-history":[{"count":1,"href":"http:\/\/viacaofortaleza.com.br\/index.php\/wp-json\/wp\/v2\/posts\/7439\/revisions"}],"predecessor-version":[{"id":7441,"href":"http:\/\/viacaofortaleza.com.br\/index.php\/wp-json\/wp\/v2\/posts\/7439\/revisions\/7441"}],"wp:featuredmedia":[{"embeddable":true,"href":"http:\/\/viacaofortaleza.com.br\/index.php\/wp-json\/wp\/v2\/media\/7440"}],"wp:attachment":[{"href":"http:\/\/viacaofortaleza.com.br\/index.php\/wp-json\/wp\/v2\/media?parent=7439"}],"wp:term":[{"taxonomy":"category","embeddable":true,"href":"http:\/\/viacaofortaleza.com.br\/index.php\/wp-json\/wp\/v2\/categories?post=7439"},{"taxonomy":"post_tag","embeddable":true,"href":"http:\/\/viacaofortaleza.com.br\/index.php\/wp-json\/wp\/v2\/tags?post=7439"}],"curies":[{"name":"wp","href":"https:\/\/api.w.org\/{rel}","templated":true}]}}