{"id":7478,"date":"2021-01-08T16:00:46","date_gmt":"2021-01-08T19:00:46","guid":{"rendered":"http:\/\/viacaofortaleza.com.br\/?p=7478"},"modified":"2021-01-08T15:14:46","modified_gmt":"2021-01-08T18:14:46","slug":"janeiro-branco-saude-mental-e-emocional","status":"publish","type":"post","link":"http:\/\/viacaofortaleza.com.br\/index.php\/2021\/01\/08\/janeiro-branco-saude-mental-e-emocional\/","title":{"rendered":"Janeiro Branco &#8211; Sa\u00fade Mental e Emocional"},"content":{"rendered":"<p><img class=\"emojioneemoji\" src=\"https:\/\/cdn.jsdelivr.net\/emojione\/assets\/4.0\/png\/32\/1f3f3.png\" alt=\"?\">O Janeiro Branco \u00e9 uma&nbsp;&nbsp;campanha que visa chamar a aten\u00e7\u00e3o da humanidade para as quest\u00f5es e necessidades relacionadas \u00e0 Sa\u00fade Mental e Emocional das pessoas e das institui\u00e7\u00f5es humanas. Uma humanidade mais saud\u00e1vel pressup\u00f5e um cultura da Sa\u00fade Mental no mundo!<\/p>\n<p>Por que Janeiro Branco? Porque, no primeiro m\u00eas do ano, as pessoas est\u00e3o mais propensas a pensarem em suas vidas, em suas rela\u00e7\u00f5es sociais, em suas condi\u00e7\u00f5es de exist\u00eancia, em suas emo\u00e7\u00f5es e em seus sentidos existenciais. E, como em uma \u201cfolha ou em uma tela em branco\u201d, todas as pessoas podem ser inspiradas a escreverem ou a reescreverem as suas pr\u00f3prias hist\u00f3rias de vida.<\/p>\n<p>Que tal embarcar nessa e nos deixar te ajudar a entender e se apropriar dos cuidados com a sua Sa\u00fade Mental?&nbsp;Todos tem direito a Sa\u00fade Mental! Todo cuidado conta!<\/p>\n<div>&nbsp;<\/div>\n<p>#TodoCuidadoConta #Sa\u00fadeMental #JaneiroBranco<\/p>\n","protected":false},"excerpt":{"rendered":"<p>O Janeiro Branco \u00e9 uma&nbsp;&nbsp;campanha que visa chamar a aten\u00e7\u00e3o da humanidade para as quest\u00f5es e necessidades relacionadas \u00e0 Sa\u00fade Mental e Emocional das pessoas e das institui\u00e7\u00f5es humanas. Uma humanidade mais saud\u00e1vel pressup\u00f5e um cultura da Sa\u00fade Mental no mundo! Por que Janeiro Branco? Porque, no primeiro m\u00eas do ano, as pessoas est\u00e3o mais&hellip; <br \/> <a class=\"read-more\" href=\"http:\/\/viacaofortaleza.com.br\/index.php\/2021\/01\/08\/janeiro-branco-saude-mental-e-emocional\/\">Leia mais<\/a><\/p>\n","protected":false},"author":1,"featured_media":7479,"comment_status":"open","ping_status":"open","sticky":false,"template":"","format":"standard","meta":{"_mi_skip_tracking":false,"_monsterinsights_sitenote_active":false,"_monsterinsights_sitenote_note":"","_monsterinsights_sitenote_category":0,"ngg_post_thumbnail":0},"categories":[12],"tags":[765],"_links":{"self":[{"href":"http:\/\/viacaofortaleza.com.br\/index.php\/wp-json\/wp\/v2\/posts\/7478"}],"collection":[{"href":"http:\/\/viacaofortaleza.com.br\/index.php\/wp-json\/wp\/v2\/posts"}],"about":[{"href":"http:\/\/viacaofortaleza.com.br\/index.php\/wp-json\/wp\/v2\/types\/post"}],"author":[{"embeddable":true,"href":"http:\/\/viacaofortaleza.com.br\/index.php\/wp-json\/wp\/v2\/users\/1"}],"replies":[{"embeddable":true,"href":"http:\/\/viacaofortaleza.com.br\/index.php\/wp-json\/wp\/v2\/comments?post=7478"}],"version-history":[{"count":1,"href":"http:\/\/viacaofortaleza.com.br\/index.php\/wp-json\/wp\/v2\/posts\/7478\/revisions"}],"predecessor-version":[{"id":7480,"href":"http:\/\/viacaofortaleza.com.br\/index.php\/wp-json\/wp\/v2\/posts\/7478\/revisions\/7480"}],"wp:featuredmedia":[{"embeddable":true,"href":"http:\/\/viacaofortaleza.com.br\/index.php\/wp-json\/wp\/v2\/media\/7479"}],"wp:attachment":[{"href":"http:\/\/viacaofortaleza.com.br\/index.php\/wp-json\/wp\/v2\/media?parent=7478"}],"wp:term":[{"taxonomy":"category","embeddable":true,"href":"http:\/\/viacaofortaleza.com.br\/index.php\/wp-json\/wp\/v2\/categories?post=7478"},{"taxonomy":"post_tag","embeddable":true,"href":"http:\/\/viacaofortaleza.com.br\/index.php\/wp-json\/wp\/v2\/tags?post=7478"}],"curies":[{"name":"wp","href":"https:\/\/api.w.org\/{rel}","templated":true}]}}