{"id":750,"date":"2018-06-08T17:16:42","date_gmt":"2018-06-08T20:16:42","guid":{"rendered":"http:\/\/viacaofortaleza.com.br\/?p=750"},"modified":"2018-06-08T17:16:42","modified_gmt":"2018-06-08T20:16:42","slug":"dia-do-profissional-de-rh-e-dp","status":"publish","type":"post","link":"http:\/\/viacaofortaleza.com.br\/index.php\/2018\/06\/08\/dia-do-profissional-de-rh-e-dp\/","title":{"rendered":"Dia do Profissional de RH e DP"},"content":{"rendered":"<p style=\"margin-bottom: 6px; font-family: Helvetica, Arial, sans-serif; color: #1d2129; font-size: 14px; background-color: #ffffff;\">Parab\u00e9ns aos profissionais que dedicam suas carreiras \u00e0 dif\u00edcil miss\u00e3o de administrar o maior recurso de uma empresa: o capital HUMANO.<\/p>\n<p style=\"margin-top: 6px; display: inline; font-family: Helvetica, Arial, sans-serif; color: #1d2129; font-size: 14px; background-color: #ffffff;\">03 de junho &#8211;&nbsp;<\/p>\n<p style=\"margin-top: 6px; display: inline; font-family: Helvetica, Arial, sans-serif; color: #1d2129; font-size: 14px; background-color: #ffffff;\">Dia do Profissional de RH e DP<\/p>\n<p>&nbsp;<\/p>\n<p>&nbsp;<\/p>\n<p style=\"margin-top: 6px; display: inline; font-family: Helvetica, Arial, sans-serif; color: #1d2129; font-size: 14px; background-color: #ffffff;\"><img loading=\"lazy\" class=\"aligncenter size-medium wp-image-751\" src=\"http:\/\/viacaofortaleza.com.br\/wp-content\/uploads\/2018\/06\/34536439_1633160450115228_7600172740280057856_n-300x216.jpg\" alt=\"\" width=\"300\" height=\"216\" srcset=\"http:\/\/viacaofortaleza.com.br\/wp-content\/uploads\/2018\/06\/34536439_1633160450115228_7600172740280057856_n-300x216.jpg 300w, http:\/\/viacaofortaleza.com.br\/wp-content\/uploads\/2018\/06\/34536439_1633160450115228_7600172740280057856_n-768x552.jpg 768w, http:\/\/viacaofortaleza.com.br\/wp-content\/uploads\/2018\/06\/34536439_1633160450115228_7600172740280057856_n.jpg 960w\" sizes=\"(max-width: 300px) 100vw, 300px\" \/><\/p>\n<p>&nbsp;<\/p>\n<p>&nbsp;<\/p>\n","protected":false},"excerpt":{"rendered":"<p>Parab\u00e9ns aos profissionais que dedicam suas carreiras \u00e0 dif\u00edcil miss\u00e3o de administrar o maior recurso de uma empresa: o capital HUMANO. 03 de junho &#8211;&nbsp; Dia do Profissional de RH e DP &nbsp; &nbsp; &nbsp; &nbsp;<\/p>\n","protected":false},"author":1,"featured_media":752,"comment_status":"open","ping_status":"open","sticky":false,"template":"","format":"standard","meta":{"_mi_skip_tracking":false,"_monsterinsights_sitenote_active":false,"_monsterinsights_sitenote_note":"","_monsterinsights_sitenote_category":0,"ngg_post_thumbnail":0},"categories":[3],"tags":[48,47],"_links":{"self":[{"href":"http:\/\/viacaofortaleza.com.br\/index.php\/wp-json\/wp\/v2\/posts\/750"}],"collection":[{"href":"http:\/\/viacaofortaleza.com.br\/index.php\/wp-json\/wp\/v2\/posts"}],"about":[{"href":"http:\/\/viacaofortaleza.com.br\/index.php\/wp-json\/wp\/v2\/types\/post"}],"author":[{"embeddable":true,"href":"http:\/\/viacaofortaleza.com.br\/index.php\/wp-json\/wp\/v2\/users\/1"}],"replies":[{"embeddable":true,"href":"http:\/\/viacaofortaleza.com.br\/index.php\/wp-json\/wp\/v2\/comments?post=750"}],"version-history":[{"count":1,"href":"http:\/\/viacaofortaleza.com.br\/index.php\/wp-json\/wp\/v2\/posts\/750\/revisions"}],"predecessor-version":[{"id":753,"href":"http:\/\/viacaofortaleza.com.br\/index.php\/wp-json\/wp\/v2\/posts\/750\/revisions\/753"}],"wp:featuredmedia":[{"embeddable":true,"href":"http:\/\/viacaofortaleza.com.br\/index.php\/wp-json\/wp\/v2\/media\/752"}],"wp:attachment":[{"href":"http:\/\/viacaofortaleza.com.br\/index.php\/wp-json\/wp\/v2\/media?parent=750"}],"wp:term":[{"taxonomy":"category","embeddable":true,"href":"http:\/\/viacaofortaleza.com.br\/index.php\/wp-json\/wp\/v2\/categories?post=750"},{"taxonomy":"post_tag","embeddable":true,"href":"http:\/\/viacaofortaleza.com.br\/index.php\/wp-json\/wp\/v2\/tags?post=750"}],"curies":[{"name":"wp","href":"https:\/\/api.w.org\/{rel}","templated":true}]}}