{"id":7546,"date":"2021-02-01T16:18:26","date_gmt":"2021-02-01T19:18:26","guid":{"rendered":"http:\/\/viacaofortaleza.com.br\/?p=7546"},"modified":"2021-02-01T16:18:26","modified_gmt":"2021-02-01T19:18:26","slug":"janeiro-branco-saude-mental-e-emocional-2","status":"publish","type":"post","link":"http:\/\/viacaofortaleza.com.br\/index.php\/2021\/02\/01\/janeiro-branco-saude-mental-e-emocional-2\/","title":{"rendered":"Janeiro Branco &#8211; Sa\u00fade Mental e Emocional"},"content":{"rendered":"<p><img loading=\"lazy\" class=\"emojioneemoji\" src=\"https:\/\/cdn.jsdelivr.net\/emojione\/assets\/4.0\/png\/32\/1f601.png\" alt=\"?\" width=\"23\" height=\"23\">E encerramos o Janeiro Branco, m\u00eas dedicado \u00e1 Sa\u00fade Mental e Emocional da melhor maneira, levando alegria aos nossos colaboradores atrav\u00e9s de um mimo e com muitos recadinhos e desejos para cuidar da sa\u00fade mental durante todo o ano!<\/p>\n<div>&nbsp;<\/div>\n<div>#janeirobranco #sa\u00fademental #sa\u00fadeemocional<\/div>\n","protected":false},"excerpt":{"rendered":"<p>E encerramos o Janeiro Branco, m\u00eas dedicado \u00e1 Sa\u00fade Mental e Emocional da melhor maneira, levando alegria aos nossos colaboradores atrav\u00e9s de um mimo e com muitos recadinhos e desejos para cuidar da sa\u00fade mental durante todo o ano! &nbsp; #janeirobranco #sa\u00fademental #sa\u00fadeemocional<\/p>\n","protected":false},"author":1,"featured_media":7547,"comment_status":"open","ping_status":"open","sticky":false,"template":"","format":"standard","meta":{"_mi_skip_tracking":false,"_monsterinsights_sitenote_active":false,"_monsterinsights_sitenote_note":"","_monsterinsights_sitenote_category":0,"ngg_post_thumbnail":0},"categories":[12],"tags":[765],"_links":{"self":[{"href":"http:\/\/viacaofortaleza.com.br\/index.php\/wp-json\/wp\/v2\/posts\/7546"}],"collection":[{"href":"http:\/\/viacaofortaleza.com.br\/index.php\/wp-json\/wp\/v2\/posts"}],"about":[{"href":"http:\/\/viacaofortaleza.com.br\/index.php\/wp-json\/wp\/v2\/types\/post"}],"author":[{"embeddable":true,"href":"http:\/\/viacaofortaleza.com.br\/index.php\/wp-json\/wp\/v2\/users\/1"}],"replies":[{"embeddable":true,"href":"http:\/\/viacaofortaleza.com.br\/index.php\/wp-json\/wp\/v2\/comments?post=7546"}],"version-history":[{"count":1,"href":"http:\/\/viacaofortaleza.com.br\/index.php\/wp-json\/wp\/v2\/posts\/7546\/revisions"}],"predecessor-version":[{"id":7548,"href":"http:\/\/viacaofortaleza.com.br\/index.php\/wp-json\/wp\/v2\/posts\/7546\/revisions\/7548"}],"wp:featuredmedia":[{"embeddable":true,"href":"http:\/\/viacaofortaleza.com.br\/index.php\/wp-json\/wp\/v2\/media\/7547"}],"wp:attachment":[{"href":"http:\/\/viacaofortaleza.com.br\/index.php\/wp-json\/wp\/v2\/media?parent=7546"}],"wp:term":[{"taxonomy":"category","embeddable":true,"href":"http:\/\/viacaofortaleza.com.br\/index.php\/wp-json\/wp\/v2\/categories?post=7546"},{"taxonomy":"post_tag","embeddable":true,"href":"http:\/\/viacaofortaleza.com.br\/index.php\/wp-json\/wp\/v2\/tags?post=7546"}],"curies":[{"name":"wp","href":"https:\/\/api.w.org\/{rel}","templated":true}]}}