{"id":7605,"date":"2021-02-22T09:00:18","date_gmt":"2021-02-22T12:00:18","guid":{"rendered":"http:\/\/viacaofortaleza.com.br\/?p=7605"},"modified":"2021-02-22T08:53:17","modified_gmt":"2021-02-22T11:53:17","slug":"use-mascara-a-pandemia-nao-acabou","status":"publish","type":"post","link":"http:\/\/viacaofortaleza.com.br\/index.php\/2021\/02\/22\/use-mascara-a-pandemia-nao-acabou\/","title":{"rendered":"Use m\u00e1scara: A pandemia n\u00e3o acabou!"},"content":{"rendered":"<div>\n<p>Usar ma\u0301scara sempre que precisar sair de casa (mesmo para quem j\u00e1 teve COVID-19), manter o distanciamento social e higienizar as m\u00e3os frequentemente continuam sendo fundamentais para proteger a sa\u00fade de todos.<\/p>\n<div>&nbsp;<\/div>\n<p>A m\u00e1scara \u00e9 uma barreira f\u00edsica que protege voc\u00ea e as outras pessoas \u2013 o uso correto pode proteger em at\u00e9 70% da carga de v\u00edrus que a pessoa poderia pegar se n\u00e3o estivesse usando m\u00e1scara.&nbsp; Confira algumas orienta\u00e7\u00f5es:<\/p>\n<\/div>\n<div>&nbsp;<\/div>\n<div>\u25b6A m\u00e1scara deve estar justa no rosto e sempre cobrir nariz e queixo.<\/div>\n<div>\u25b6Ao sair, sempre leve uma m\u00e1scara reserva: ela deve ser trocada a cada 3 horas ou sempre que estiver \u00famida ou suja.<br \/>\n\u25b6Evite tocar no rosto e sempre higienize as m\u00e3os ao tocar a m\u00e1scara.<br \/>\n\u25b6Lave as m\u00e3os antes de usar&nbsp;&nbsp;e tamb\u00e9m ap\u00f3s retirar a m\u00e1scara.<br \/>\n\u25b6Lave a m\u00e1scara usada assim que chegar em casa.<\/div>\n<div>&nbsp;<\/div>\n<div>#preven\u00e7\u00e3o #usem\u00e1scara #sa\u00fade<\/div>\n","protected":false},"excerpt":{"rendered":"<p>Usar ma\u0301scara sempre que precisar sair de casa (mesmo para quem j\u00e1 teve COVID-19), manter o distanciamento social e higienizar as m\u00e3os frequentemente continuam sendo fundamentais para proteger a sa\u00fade de todos. &nbsp; A m\u00e1scara \u00e9 uma barreira f\u00edsica que protege voc\u00ea e as outras pessoas \u2013 o uso correto pode proteger em at\u00e9 70%&hellip; <br \/> <a class=\"read-more\" href=\"http:\/\/viacaofortaleza.com.br\/index.php\/2021\/02\/22\/use-mascara-a-pandemia-nao-acabou\/\">Leia mais<\/a><\/p>\n","protected":false},"author":1,"featured_media":7606,"comment_status":"open","ping_status":"open","sticky":false,"template":"","format":"standard","meta":{"_mi_skip_tracking":false,"_monsterinsights_sitenote_active":false,"_monsterinsights_sitenote_note":"","_monsterinsights_sitenote_category":0,"ngg_post_thumbnail":0},"categories":[1],"tags":[782],"_links":{"self":[{"href":"http:\/\/viacaofortaleza.com.br\/index.php\/wp-json\/wp\/v2\/posts\/7605"}],"collection":[{"href":"http:\/\/viacaofortaleza.com.br\/index.php\/wp-json\/wp\/v2\/posts"}],"about":[{"href":"http:\/\/viacaofortaleza.com.br\/index.php\/wp-json\/wp\/v2\/types\/post"}],"author":[{"embeddable":true,"href":"http:\/\/viacaofortaleza.com.br\/index.php\/wp-json\/wp\/v2\/users\/1"}],"replies":[{"embeddable":true,"href":"http:\/\/viacaofortaleza.com.br\/index.php\/wp-json\/wp\/v2\/comments?post=7605"}],"version-history":[{"count":2,"href":"http:\/\/viacaofortaleza.com.br\/index.php\/wp-json\/wp\/v2\/posts\/7605\/revisions"}],"predecessor-version":[{"id":7608,"href":"http:\/\/viacaofortaleza.com.br\/index.php\/wp-json\/wp\/v2\/posts\/7605\/revisions\/7608"}],"wp:featuredmedia":[{"embeddable":true,"href":"http:\/\/viacaofortaleza.com.br\/index.php\/wp-json\/wp\/v2\/media\/7606"}],"wp:attachment":[{"href":"http:\/\/viacaofortaleza.com.br\/index.php\/wp-json\/wp\/v2\/media?parent=7605"}],"wp:term":[{"taxonomy":"category","embeddable":true,"href":"http:\/\/viacaofortaleza.com.br\/index.php\/wp-json\/wp\/v2\/categories?post=7605"},{"taxonomy":"post_tag","embeddable":true,"href":"http:\/\/viacaofortaleza.com.br\/index.php\/wp-json\/wp\/v2\/tags?post=7605"}],"curies":[{"name":"wp","href":"https:\/\/api.w.org\/{rel}","templated":true}]}}