{"id":7617,"date":"2021-02-24T13:43:46","date_gmt":"2021-02-24T16:43:46","guid":{"rendered":"http:\/\/viacaofortaleza.com.br\/?p=7617"},"modified":"2021-02-24T10:45:46","modified_gmt":"2021-02-24T13:45:46","slug":"bilhete-unico-integracao","status":"publish","type":"post","link":"http:\/\/viacaofortaleza.com.br\/index.php\/2021\/02\/24\/bilhete-unico-integracao\/","title":{"rendered":"Bilhete \u00danico &#038; Integra\u00e7\u00e3o"},"content":{"rendered":"<div>O Bilhete \u00danico Fortaleza \u00e9 o atual modelo de integra\u00e7\u00e3o utilizado no transporte coletivo de Fortaleza. Com ele&nbsp;\u00e9 poss\u00edvel pegar quantos \u00f4nibus quiser, no per\u00edodo de 2 horas, em qualquer sentido,&nbsp;para o embarque e desembarque na parada em que desejar,&nbsp;pagando apenas uma&nbsp;passagem ou meia passagem, no caso dos estudantes.<\/div>\n<div>&nbsp;<\/div>\n<div>Como usar o benef\u00edcio:<\/p>\n<div>O Bilhete \u00danico \u00e9 um cart\u00e3o de cr\u00e9dito pr\u00e9-pago para o transporte coletivo. Voc\u00ea pode inserir o valor que&nbsp;desejar e ao embarcar em um \u00f4nibus basta passar o cart\u00e3o no validador que automaticamente a passagem ser\u00e1 debitada e a catraca ser\u00e1 liberada.<\/div>\n<div>&nbsp;<\/div>\n<p>Como solicitar:<\/p>\n<div>Para solicitar o Bilhete \u00danico basta realizar um cadastro em um dos postos de atendimento. A primeira&nbsp;solicita\u00e7\u00e3o \u00e9 gratuita.&nbsp;Estudantes que possu\u00edrem a carteira de estudante do ano vigente tamb\u00e9m contam com os benef\u00edcios do Bilhete \u00danico integrados no mesmo cart\u00e3o.<\/div>\n<div>&nbsp;<\/div>\n<p>Documentos necess\u00e1rios:&nbsp;<br \/>\nIdentidade&nbsp;<br \/>\nCPF&nbsp;<br \/>\nComprovante de endere\u00e7o com CEP<\/p>\n<div>&nbsp;<\/div>\n<p>Postos de cadastro e Recarga e\/ou transfer\u00eancia de cr\u00e9ditos:<\/p>\n<div>&nbsp;Sindi\u00f4nibus: Avenida Borges de Melo, 60 \u2013 Aerol\u00e2ndia (de segunda a sexta das 8h \u00e0s 17h).<\/div>\n<div>&nbsp;Terminais Siqueira, Parangaba, Papicu (de segunda a sexta das 6h \u00e0s 21h).<\/div>\n<div>&nbsp;Vapt-vupt Messejana: Av. Jornalista Tomaz Coelho, 602 &#8211; Messejana.<\/div>\n<div>&nbsp;Vapt-vupt Ant\u00f4nio Bezerra: R. Dem\u00e9trio Menezes, 3750.<\/div>\n<\/div>\n<div>&nbsp;<\/div>\n<div>#integra\u00e7\u00e3o #bilhete\u00fanico #economia #transportep\u00fablico<\/div>\n<div>\n<div>&nbsp;<\/div>\n<\/div>\n","protected":false},"excerpt":{"rendered":"<p>O Bilhete \u00danico Fortaleza \u00e9 o atual modelo de integra\u00e7\u00e3o utilizado no transporte coletivo de Fortaleza. Com ele&nbsp;\u00e9 poss\u00edvel pegar quantos \u00f4nibus quiser, no per\u00edodo de 2 horas, em qualquer sentido,&nbsp;para o embarque e desembarque na parada em que desejar,&nbsp;pagando apenas uma&nbsp;passagem ou meia passagem, no caso dos estudantes. &nbsp; Como usar o benef\u00edcio: O&hellip; <br \/> <a class=\"read-more\" href=\"http:\/\/viacaofortaleza.com.br\/index.php\/2021\/02\/24\/bilhete-unico-integracao\/\">Leia mais<\/a><\/p>\n","protected":false},"author":1,"featured_media":7618,"comment_status":"open","ping_status":"open","sticky":false,"template":"","format":"standard","meta":{"_mi_skip_tracking":false,"_monsterinsights_sitenote_active":false,"_monsterinsights_sitenote_note":"","_monsterinsights_sitenote_category":0,"ngg_post_thumbnail":0},"categories":[1],"tags":[784],"_links":{"self":[{"href":"http:\/\/viacaofortaleza.com.br\/index.php\/wp-json\/wp\/v2\/posts\/7617"}],"collection":[{"href":"http:\/\/viacaofortaleza.com.br\/index.php\/wp-json\/wp\/v2\/posts"}],"about":[{"href":"http:\/\/viacaofortaleza.com.br\/index.php\/wp-json\/wp\/v2\/types\/post"}],"author":[{"embeddable":true,"href":"http:\/\/viacaofortaleza.com.br\/index.php\/wp-json\/wp\/v2\/users\/1"}],"replies":[{"embeddable":true,"href":"http:\/\/viacaofortaleza.com.br\/index.php\/wp-json\/wp\/v2\/comments?post=7617"}],"version-history":[{"count":1,"href":"http:\/\/viacaofortaleza.com.br\/index.php\/wp-json\/wp\/v2\/posts\/7617\/revisions"}],"predecessor-version":[{"id":7619,"href":"http:\/\/viacaofortaleza.com.br\/index.php\/wp-json\/wp\/v2\/posts\/7617\/revisions\/7619"}],"wp:featuredmedia":[{"embeddable":true,"href":"http:\/\/viacaofortaleza.com.br\/index.php\/wp-json\/wp\/v2\/media\/7618"}],"wp:attachment":[{"href":"http:\/\/viacaofortaleza.com.br\/index.php\/wp-json\/wp\/v2\/media?parent=7617"}],"wp:term":[{"taxonomy":"category","embeddable":true,"href":"http:\/\/viacaofortaleza.com.br\/index.php\/wp-json\/wp\/v2\/categories?post=7617"},{"taxonomy":"post_tag","embeddable":true,"href":"http:\/\/viacaofortaleza.com.br\/index.php\/wp-json\/wp\/v2\/tags?post=7617"}],"curies":[{"name":"wp","href":"https:\/\/api.w.org\/{rel}","templated":true}]}}