{"id":7638,"date":"2021-03-12T09:00:12","date_gmt":"2021-03-12T12:00:12","guid":{"rendered":"http:\/\/viacaofortaleza.com.br\/?p=7638"},"modified":"2021-03-04T16:12:03","modified_gmt":"2021-03-04T19:12:03","slug":"dica-de-leitura-torto-arado-de-itamar-vieira-junior","status":"publish","type":"post","link":"http:\/\/viacaofortaleza.com.br\/index.php\/2021\/03\/12\/dica-de-leitura-torto-arado-de-itamar-vieira-junior\/","title":{"rendered":"Dica de Leitura &#8211; Torto Arado, de Itamar Vieira Junior"},"content":{"rendered":"<p>A #DicaDeLeitura de hoje \u00e9 o livro Torto Arado, de Itamar Vieira Junior.<\/p>\n<div>&nbsp;<\/div>\n<p>As duas protagonistas, as irm\u00e3s Bibiana e Belon\u00edsia, lidam de formas bastante distintas com a condi\u00e7\u00e3o em que vivem ao lado da fam\u00edlia. Enquanto Bibiana tem uma postura mais conformada com o destino, Belon\u00edsia \u00e9 revoltada com a condi\u00e7\u00e3o em que a fam\u00edlia vive e deseja com todas as for\u00e7as lutar pela terra onde trabalham.<\/p>\n<div>&nbsp;<\/div>\n<p>#dicadeleitura<\/p>\n","protected":false},"excerpt":{"rendered":"<p>A #DicaDeLeitura de hoje \u00e9 o livro Torto Arado, de Itamar Vieira Junior. &nbsp; As duas protagonistas, as irm\u00e3s Bibiana e Belon\u00edsia, lidam de formas bastante distintas com a condi\u00e7\u00e3o em que vivem ao lado da fam\u00edlia. Enquanto Bibiana tem uma postura mais conformada com o destino, Belon\u00edsia \u00e9 revoltada com a condi\u00e7\u00e3o em que&hellip; <br \/> <a class=\"read-more\" href=\"http:\/\/viacaofortaleza.com.br\/index.php\/2021\/03\/12\/dica-de-leitura-torto-arado-de-itamar-vieira-junior\/\">Leia mais<\/a><\/p>\n","protected":false},"author":1,"featured_media":7639,"comment_status":"open","ping_status":"open","sticky":false,"template":"","format":"standard","meta":{"_mi_skip_tracking":false,"_monsterinsights_sitenote_active":false,"_monsterinsights_sitenote_note":"","_monsterinsights_sitenote_category":0,"ngg_post_thumbnail":0},"categories":[359],"tags":[788,787],"_links":{"self":[{"href":"http:\/\/viacaofortaleza.com.br\/index.php\/wp-json\/wp\/v2\/posts\/7638"}],"collection":[{"href":"http:\/\/viacaofortaleza.com.br\/index.php\/wp-json\/wp\/v2\/posts"}],"about":[{"href":"http:\/\/viacaofortaleza.com.br\/index.php\/wp-json\/wp\/v2\/types\/post"}],"author":[{"embeddable":true,"href":"http:\/\/viacaofortaleza.com.br\/index.php\/wp-json\/wp\/v2\/users\/1"}],"replies":[{"embeddable":true,"href":"http:\/\/viacaofortaleza.com.br\/index.php\/wp-json\/wp\/v2\/comments?post=7638"}],"version-history":[{"count":1,"href":"http:\/\/viacaofortaleza.com.br\/index.php\/wp-json\/wp\/v2\/posts\/7638\/revisions"}],"predecessor-version":[{"id":7642,"href":"http:\/\/viacaofortaleza.com.br\/index.php\/wp-json\/wp\/v2\/posts\/7638\/revisions\/7642"}],"wp:featuredmedia":[{"embeddable":true,"href":"http:\/\/viacaofortaleza.com.br\/index.php\/wp-json\/wp\/v2\/media\/7639"}],"wp:attachment":[{"href":"http:\/\/viacaofortaleza.com.br\/index.php\/wp-json\/wp\/v2\/media?parent=7638"}],"wp:term":[{"taxonomy":"category","embeddable":true,"href":"http:\/\/viacaofortaleza.com.br\/index.php\/wp-json\/wp\/v2\/categories?post=7638"},{"taxonomy":"post_tag","embeddable":true,"href":"http:\/\/viacaofortaleza.com.br\/index.php\/wp-json\/wp\/v2\/tags?post=7638"}],"curies":[{"name":"wp","href":"https:\/\/api.w.org\/{rel}","templated":true}]}}