{"id":7643,"date":"2021-03-19T09:00:43","date_gmt":"2021-03-19T12:00:43","guid":{"rendered":"http:\/\/viacaofortaleza.com.br\/?p=7643"},"modified":"2021-03-04T16:13:46","modified_gmt":"2021-03-04T19:13:46","slug":"dica-de-leitura-tempos-asperos-de-mario-vargas-llosa","status":"publish","type":"post","link":"http:\/\/viacaofortaleza.com.br\/index.php\/2021\/03\/19\/dica-de-leitura-tempos-asperos-de-mario-vargas-llosa\/","title":{"rendered":"Dica de Leitura &#8211; Tempos \u00c1speros, de Mario Vargas Llosa"},"content":{"rendered":"<p><span style=\"color: #555555; font-family: Arial, 'Helvetica Neue', Helvetica, sans-serif; font-size: 14px; background-color: #ffffff;\">A #DicaDeLeitura de hoje \u00e9 o livro Tempos \u00c1speros, de Mario Vargas Llosa.<\/span><\/p>\n<div style=\"color: #555555; font-family: Arial, 'Helvetica Neue', Helvetica, sans-serif; font-size: 14px; background-color: #ffffff;\">&nbsp;<\/div>\n<p><span style=\"color: #555555; font-family: Arial, 'Helvetica Neue', Helvetica, sans-serif; font-size: 14px; background-color: #ffffff;\">O romance hist\u00f3rico \u00e9 uma aposta do escritor peruano para tentar entender melhor o mundo contempor\u00e2neo em que vivemos. Para Vargas Llosa, a queda do presidente da Guatemala (Jacobo \u00c1rbenz), eleito democraticamente, foi fundamental para a radicaliza\u00e7\u00e3o pol\u00edtica que vigora cada vez com mais for\u00e7a at\u00e9 os dias de hoje.<\/span><\/p>\n<div style=\"color: #555555; font-family: Arial, 'Helvetica Neue', Helvetica, sans-serif; font-size: 14px; background-color: #ffffff;\">&nbsp;<\/div>\n<p><span style=\"color: #555555; font-family: Arial, 'Helvetica Neue', Helvetica, sans-serif; font-size: 14px; background-color: #ffffff;\">#dicadeleitura<\/span><\/p>\n","protected":false},"excerpt":{"rendered":"<p>A #DicaDeLeitura de hoje \u00e9 o livro Tempos \u00c1speros, de Mario Vargas Llosa. &nbsp; O romance hist\u00f3rico \u00e9 uma aposta do escritor peruano para tentar entender melhor o mundo contempor\u00e2neo em que vivemos. Para Vargas Llosa, a queda do presidente da Guatemala (Jacobo \u00c1rbenz), eleito democraticamente, foi fundamental para a radicaliza\u00e7\u00e3o pol\u00edtica que vigora cada&hellip; <br \/> <a class=\"read-more\" href=\"http:\/\/viacaofortaleza.com.br\/index.php\/2021\/03\/19\/dica-de-leitura-tempos-asperos-de-mario-vargas-llosa\/\">Leia mais<\/a><\/p>\n","protected":false},"author":1,"featured_media":7640,"comment_status":"open","ping_status":"open","sticky":false,"template":"","format":"standard","meta":{"_mi_skip_tracking":false,"_monsterinsights_sitenote_active":false,"_monsterinsights_sitenote_note":"","_monsterinsights_sitenote_category":0,"ngg_post_thumbnail":0},"categories":[359],"tags":[790,789],"_links":{"self":[{"href":"http:\/\/viacaofortaleza.com.br\/index.php\/wp-json\/wp\/v2\/posts\/7643"}],"collection":[{"href":"http:\/\/viacaofortaleza.com.br\/index.php\/wp-json\/wp\/v2\/posts"}],"about":[{"href":"http:\/\/viacaofortaleza.com.br\/index.php\/wp-json\/wp\/v2\/types\/post"}],"author":[{"embeddable":true,"href":"http:\/\/viacaofortaleza.com.br\/index.php\/wp-json\/wp\/v2\/users\/1"}],"replies":[{"embeddable":true,"href":"http:\/\/viacaofortaleza.com.br\/index.php\/wp-json\/wp\/v2\/comments?post=7643"}],"version-history":[{"count":1,"href":"http:\/\/viacaofortaleza.com.br\/index.php\/wp-json\/wp\/v2\/posts\/7643\/revisions"}],"predecessor-version":[{"id":7644,"href":"http:\/\/viacaofortaleza.com.br\/index.php\/wp-json\/wp\/v2\/posts\/7643\/revisions\/7644"}],"wp:featuredmedia":[{"embeddable":true,"href":"http:\/\/viacaofortaleza.com.br\/index.php\/wp-json\/wp\/v2\/media\/7640"}],"wp:attachment":[{"href":"http:\/\/viacaofortaleza.com.br\/index.php\/wp-json\/wp\/v2\/media?parent=7643"}],"wp:term":[{"taxonomy":"category","embeddable":true,"href":"http:\/\/viacaofortaleza.com.br\/index.php\/wp-json\/wp\/v2\/categories?post=7643"},{"taxonomy":"post_tag","embeddable":true,"href":"http:\/\/viacaofortaleza.com.br\/index.php\/wp-json\/wp\/v2\/tags?post=7643"}],"curies":[{"name":"wp","href":"https:\/\/api.w.org\/{rel}","templated":true}]}}