{"id":7672,"date":"2021-03-31T08:00:25","date_gmt":"2021-03-31T11:00:25","guid":{"rendered":"http:\/\/viacaofortaleza.com.br\/?p=7672"},"modified":"2021-03-29T10:58:14","modified_gmt":"2021-03-29T13:58:14","slug":"dia-nacional-da-saude-e-nutricao-2","status":"publish","type":"post","link":"http:\/\/viacaofortaleza.com.br\/index.php\/2021\/03\/31\/dia-nacional-da-saude-e-nutricao-2\/","title":{"rendered":"Dia Nacional da Sa\u00fade e Nutri\u00e7\u00e3o"},"content":{"rendered":"<div><img loading=\"lazy\" class=\"emojioneemoji\" src=\"https:\/\/cdn.jsdelivr.net\/emojione\/assets\/4.0\/png\/32\/1f957.png\" alt=\"?\" width=\"18\" height=\"18\"><img loading=\"lazy\" class=\"emojioneemoji\" src=\"https:\/\/cdn.jsdelivr.net\/emojione\/assets\/4.0\/png\/32\/1f3c3-2640.png\" alt=\"?\u200d\u2640\ufe0f\" width=\"19\" height=\"19\">Alimenta\u00e7\u00e3o \u00e9 assunto s\u00e9rio!<\/div>\n<div>&nbsp;<\/div>\n<div>Uma alimenta\u00e7\u00e3o balanceada fortalece o sistema&nbsp;imunol\u00f3gico, que protege nosso organismo contra doen\u00e7as.<\/div>\n<div>&nbsp;<\/div>\n<p>Est\u00e1 na hora de rever suas escolhas:&nbsp;<\/p>\n<p><img loading=\"lazy\" class=\"emojioneemoji\" src=\"https:\/\/cdn.jsdelivr.net\/emojione\/assets\/4.0\/png\/32\/2705.png\" alt=\"\u2705\" width=\"17\" height=\"17\">Consuma mais alimentos frescos, sucos naturais, fa\u00e7a refei\u00e7\u00f5es&nbsp;mais coloridas, com legumes e frutas e pratique atividade f\u00edsica.<\/p>\n<p><img loading=\"lazy\" class=\"emojioneemoji\" src=\"https:\/\/cdn.jsdelivr.net\/emojione\/assets\/4.0\/png\/32\/274c.png\" alt=\"\u274c\" width=\"16\" height=\"16\">Corte os alimentos industrializados, a gordura, o s\u00f3dio e o a\u00e7\u00facar.<\/p>\n<div>&nbsp;<\/div>\n<p>Fa\u00e7a por voc\u00ea! Fa\u00e7a pela sua sa\u00fade!<\/p>\n<div>31.03 &#8211; Dia Nacional da Sa\u00fade e Nutri\u00e7\u00e3o<\/div>\n<div>&nbsp;<\/div>\n<p>#VaiDarCerto #alimenta\u00e7\u00e3o #nutri\u00e7\u00e3o #sa\u00fade<\/p>\n<div>&nbsp;<\/div>\n","protected":false},"excerpt":{"rendered":"<p>Alimenta\u00e7\u00e3o \u00e9 assunto s\u00e9rio! &nbsp; Uma alimenta\u00e7\u00e3o balanceada fortalece o sistema&nbsp;imunol\u00f3gico, que protege nosso organismo contra doen\u00e7as. &nbsp; Est\u00e1 na hora de rever suas escolhas:&nbsp; Consuma mais alimentos frescos, sucos naturais, fa\u00e7a refei\u00e7\u00f5es&nbsp;mais coloridas, com legumes e frutas e pratique atividade f\u00edsica. Corte os alimentos industrializados, a gordura, o s\u00f3dio e o a\u00e7\u00facar. &nbsp; Fa\u00e7a&hellip; <br \/> <a class=\"read-more\" href=\"http:\/\/viacaofortaleza.com.br\/index.php\/2021\/03\/31\/dia-nacional-da-saude-e-nutricao-2\/\">Leia mais<\/a><\/p>\n","protected":false},"author":1,"featured_media":7673,"comment_status":"open","ping_status":"open","sticky":false,"template":"","format":"standard","meta":{"_mi_skip_tracking":false,"_monsterinsights_sitenote_active":false,"_monsterinsights_sitenote_note":"","_monsterinsights_sitenote_category":0,"ngg_post_thumbnail":0},"categories":[3],"tags":[596],"_links":{"self":[{"href":"http:\/\/viacaofortaleza.com.br\/index.php\/wp-json\/wp\/v2\/posts\/7672"}],"collection":[{"href":"http:\/\/viacaofortaleza.com.br\/index.php\/wp-json\/wp\/v2\/posts"}],"about":[{"href":"http:\/\/viacaofortaleza.com.br\/index.php\/wp-json\/wp\/v2\/types\/post"}],"author":[{"embeddable":true,"href":"http:\/\/viacaofortaleza.com.br\/index.php\/wp-json\/wp\/v2\/users\/1"}],"replies":[{"embeddable":true,"href":"http:\/\/viacaofortaleza.com.br\/index.php\/wp-json\/wp\/v2\/comments?post=7672"}],"version-history":[{"count":1,"href":"http:\/\/viacaofortaleza.com.br\/index.php\/wp-json\/wp\/v2\/posts\/7672\/revisions"}],"predecessor-version":[{"id":7674,"href":"http:\/\/viacaofortaleza.com.br\/index.php\/wp-json\/wp\/v2\/posts\/7672\/revisions\/7674"}],"wp:featuredmedia":[{"embeddable":true,"href":"http:\/\/viacaofortaleza.com.br\/index.php\/wp-json\/wp\/v2\/media\/7673"}],"wp:attachment":[{"href":"http:\/\/viacaofortaleza.com.br\/index.php\/wp-json\/wp\/v2\/media?parent=7672"}],"wp:term":[{"taxonomy":"category","embeddable":true,"href":"http:\/\/viacaofortaleza.com.br\/index.php\/wp-json\/wp\/v2\/categories?post=7672"},{"taxonomy":"post_tag","embeddable":true,"href":"http:\/\/viacaofortaleza.com.br\/index.php\/wp-json\/wp\/v2\/tags?post=7672"}],"curies":[{"name":"wp","href":"https:\/\/api.w.org\/{rel}","templated":true}]}}