{"id":7684,"date":"2021-03-10T18:00:01","date_gmt":"2021-03-10T21:00:01","guid":{"rendered":"http:\/\/viacaofortaleza.com.br\/?p=7684"},"modified":"2021-03-29T15:22:17","modified_gmt":"2021-03-29T18:22:17","slug":"dia-internacional-da-mulher-mpce","status":"publish","type":"post","link":"http:\/\/viacaofortaleza.com.br\/index.php\/2021\/03\/10\/dia-internacional-da-mulher-mpce\/","title":{"rendered":"Dia Internacional da Mulher &#8211; MPCE"},"content":{"rendered":"<p><a class=\"oajrlxb2 g5ia77u1 qu0x051f esr5mh6w e9989ue4 r7d6kgcz rq0escxv nhd2j8a9 nc684nl6 p7hjln8o kvgmc6g5 cxmmr5t8 oygrvhab hcukyx3x jb3vyjys rz4wbd8a qt6c0cv9 a8nywdso i1ao9s8h esuyzwwr f1sip0of lzcic4wl oo9gr5id gpro0wi8 lrazzd5p\" tabindex=\"0\" role=\"link\" href=\"https:\/\/www.facebook.com\/hashtag\/repost?__eep__=6&amp;__cft__[0]=AZWOZ80x0Q4UCJ1GXldzkKbTS8d899ITsZUMZNndDRpR_H54ckbQk78EPwJlLYYzuBCampXpPdn85TK9EWrv0ULmhRgVaJszPS5CU01z4D7dtVEowY1DedShFvP3K_cspp0SheIQgY5tvyp0GAuT9xX7Tn6Y9bdVzGzx12cZq_RoS-MdIHUTjXLLgljOA7TF-HM&amp;__tn__=*NK*F\">#Repost<\/a>&nbsp;@mpce_oficial (@get_repost)<br \/>\n\u30fb\u30fb\u30fb<br \/>\n<a class=\"oajrlxb2 g5ia77u1 qu0x051f esr5mh6w e9989ue4 r7d6kgcz rq0escxv nhd2j8a9 nc684nl6 p7hjln8o kvgmc6g5 cxmmr5t8 oygrvhab hcukyx3x jb3vyjys rz4wbd8a qt6c0cv9 a8nywdso i1ao9s8h esuyzwwr f1sip0of lzcic4wl oo9gr5id gpro0wi8 lrazzd5p\" tabindex=\"0\" role=\"link\" href=\"https:\/\/www.facebook.com\/hashtag\/diainternacionaldamulher?__eep__=6&amp;__cft__[0]=AZWOZ80x0Q4UCJ1GXldzkKbTS8d899ITsZUMZNndDRpR_H54ckbQk78EPwJlLYYzuBCampXpPdn85TK9EWrv0ULmhRgVaJszPS5CU01z4D7dtVEowY1DedShFvP3K_cspp0SheIQgY5tvyp0GAuT9xX7Tn6Y9bdVzGzx12cZq_RoS-MdIHUTjXLLgljOA7TF-HM&amp;__tn__=*NK*F\">#DiaInternacionaldaMulher<\/a>&nbsp;A motorista de \u00f4nibus Yelda Santos do Nascimento \u00e9 apaixonada pela profiss\u00e3o, que segue exercendo no per\u00edodo de pandemia. E os cuidados n\u00e3o se restringem apenas a ela. \u201cSempre oriento os meus passageiros a usarem m\u00e1scara e passarem \u00e1lcool em gel\u201d, relata. O \u00e1lcool, inclusive, \u00e9 companheiro insepar\u00e1vel dela, estando sempre em local de f\u00e1cil acesso.<\/p>\n<p>Orgulhosa da fun\u00e7\u00e3o, Yelda conta que tem um carinho muito grande pelo trabalho e pelas pessoas. E declara que, com a Covid-19, esse sentimento s\u00f3 aumentou: \u201cEu me sinto muito bem no que fac\u0327o. Tudo isso que est\u00e1 acontecendo aumentou a atenc\u0327a\u0303o que eu tenho que dar aos passageiros, a\u0300s crianc\u0327as, aos idosos\u201d, afirma.<\/p>\n<p>Ela n\u00e3o nega que sente medo, mas tamb\u00e9m n\u00e3o desanima com o momento atual. \u201cMesmo assim estou com a cabe\u00e7a erguida, rezando para essa tempestade passar. E todos n\u00f3s vamos ficar bem. Estou firme e forte, com garra e coragem para enfrentar essa doen\u00e7a\u201d, conta, animada. Sobre o Dia Internacional da Mulher, a motorista lembra a todas que, \u201cseja qual for a sua profiss\u00e3o, somos fortes e guerreiras, somos mais que vencedoras!\u201d.<\/p>\n<p>Na luta de cada uma, reconhecemos o empenho de todas as mulheres.<\/p>\n<p>8 de mar\u00e7o &#8211; Dia Internacional da Mulher<\/p>\n<p><a class=\"oajrlxb2 g5ia77u1 qu0x051f esr5mh6w e9989ue4 r7d6kgcz rq0escxv nhd2j8a9 nc684nl6 p7hjln8o kvgmc6g5 cxmmr5t8 oygrvhab hcukyx3x jb3vyjys rz4wbd8a qt6c0cv9 a8nywdso i1ao9s8h esuyzwwr f1sip0of lzcic4wl oo9gr5id gpro0wi8 lrazzd5p\" tabindex=\"0\" role=\"link\" href=\"https:\/\/www.facebook.com\/hashtag\/mpce?__eep__=6&amp;__cft__[0]=AZWOZ80x0Q4UCJ1GXldzkKbTS8d899ITsZUMZNndDRpR_H54ckbQk78EPwJlLYYzuBCampXpPdn85TK9EWrv0ULmhRgVaJszPS5CU01z4D7dtVEowY1DedShFvP3K_cspp0SheIQgY5tvyp0GAuT9xX7Tn6Y9bdVzGzx12cZq_RoS-MdIHUTjXLLgljOA7TF-HM&amp;__tn__=*NK*F\">#MPCE<\/a>&nbsp;<a class=\"oajrlxb2 g5ia77u1 qu0x051f esr5mh6w e9989ue4 r7d6kgcz rq0escxv nhd2j8a9 nc684nl6 p7hjln8o kvgmc6g5 cxmmr5t8 oygrvhab hcukyx3x jb3vyjys rz4wbd8a qt6c0cv9 a8nywdso i1ao9s8h esuyzwwr f1sip0of lzcic4wl oo9gr5id gpro0wi8 lrazzd5p\" tabindex=\"0\" role=\"link\" href=\"https:\/\/www.facebook.com\/hashtag\/8demar%C3%A7o?__eep__=6&amp;__cft__[0]=AZWOZ80x0Q4UCJ1GXldzkKbTS8d899ITsZUMZNndDRpR_H54ckbQk78EPwJlLYYzuBCampXpPdn85TK9EWrv0ULmhRgVaJszPS5CU01z4D7dtVEowY1DedShFvP3K_cspp0SheIQgY5tvyp0GAuT9xX7Tn6Y9bdVzGzx12cZq_RoS-MdIHUTjXLLgljOA7TF-HM&amp;__tn__=*NK*F\">#8deMar\u00e7o<\/a>&nbsp;<a class=\"oajrlxb2 g5ia77u1 qu0x051f esr5mh6w e9989ue4 r7d6kgcz rq0escxv nhd2j8a9 nc684nl6 p7hjln8o kvgmc6g5 cxmmr5t8 oygrvhab hcukyx3x jb3vyjys rz4wbd8a qt6c0cv9 a8nywdso i1ao9s8h esuyzwwr f1sip0of lzcic4wl oo9gr5id gpro0wi8 lrazzd5p\" tabindex=\"0\" role=\"link\" href=\"https:\/\/www.facebook.com\/hashtag\/nalinhadefrente?__eep__=6&amp;__cft__[0]=AZWOZ80x0Q4UCJ1GXldzkKbTS8d899ITsZUMZNndDRpR_H54ckbQk78EPwJlLYYzuBCampXpPdn85TK9EWrv0ULmhRgVaJszPS5CU01z4D7dtVEowY1DedShFvP3K_cspp0SheIQgY5tvyp0GAuT9xX7Tn6Y9bdVzGzx12cZq_RoS-MdIHUTjXLLgljOA7TF-HM&amp;__tn__=*NK*F\">#NaLinhaDeFrente<\/a>&nbsp;<\/p>\n<div class=\"oajrlxb2 g5ia77u1 qu0x051f esr5mh6w e9989ue4 r7d6kgcz rq0escxv nhd2j8a9 nc684nl6 p7hjln8o kvgmc6g5 cxmmr5t8 oygrvhab hcukyx3x jb3vyjys rz4wbd8a qt6c0cv9 a8nywdso i1ao9s8h esuyzwwr f1sip0of lzcic4wl oo9gr5id gpro0wi8 lrazzd5p\" tabindex=\"0\" role=\"button\">&nbsp;<\/div>\n","protected":false},"excerpt":{"rendered":"<p>#Repost&nbsp;@mpce_oficial (@get_repost) \u30fb\u30fb\u30fb #DiaInternacionaldaMulher&nbsp;A motorista de \u00f4nibus Yelda Santos do Nascimento \u00e9 apaixonada pela profiss\u00e3o, que segue exercendo no per\u00edodo de pandemia. E os cuidados n\u00e3o se restringem apenas a ela. \u201cSempre oriento os meus passageiros a usarem m\u00e1scara e passarem \u00e1lcool em gel\u201d, relata. O \u00e1lcool, inclusive, \u00e9 companheiro insepar\u00e1vel dela, estando sempre em&hellip; <br \/> <a class=\"read-more\" href=\"http:\/\/viacaofortaleza.com.br\/index.php\/2021\/03\/10\/dia-internacional-da-mulher-mpce\/\">Leia mais<\/a><\/p>\n","protected":false},"author":1,"featured_media":7685,"comment_status":"open","ping_status":"open","sticky":false,"template":"","format":"standard","meta":{"_mi_skip_tracking":false,"_monsterinsights_sitenote_active":false,"_monsterinsights_sitenote_note":"","_monsterinsights_sitenote_category":0,"ngg_post_thumbnail":0},"categories":[3],"tags":[799],"_links":{"self":[{"href":"http:\/\/viacaofortaleza.com.br\/index.php\/wp-json\/wp\/v2\/posts\/7684"}],"collection":[{"href":"http:\/\/viacaofortaleza.com.br\/index.php\/wp-json\/wp\/v2\/posts"}],"about":[{"href":"http:\/\/viacaofortaleza.com.br\/index.php\/wp-json\/wp\/v2\/types\/post"}],"author":[{"embeddable":true,"href":"http:\/\/viacaofortaleza.com.br\/index.php\/wp-json\/wp\/v2\/users\/1"}],"replies":[{"embeddable":true,"href":"http:\/\/viacaofortaleza.com.br\/index.php\/wp-json\/wp\/v2\/comments?post=7684"}],"version-history":[{"count":1,"href":"http:\/\/viacaofortaleza.com.br\/index.php\/wp-json\/wp\/v2\/posts\/7684\/revisions"}],"predecessor-version":[{"id":7686,"href":"http:\/\/viacaofortaleza.com.br\/index.php\/wp-json\/wp\/v2\/posts\/7684\/revisions\/7686"}],"wp:featuredmedia":[{"embeddable":true,"href":"http:\/\/viacaofortaleza.com.br\/index.php\/wp-json\/wp\/v2\/media\/7685"}],"wp:attachment":[{"href":"http:\/\/viacaofortaleza.com.br\/index.php\/wp-json\/wp\/v2\/media?parent=7684"}],"wp:term":[{"taxonomy":"category","embeddable":true,"href":"http:\/\/viacaofortaleza.com.br\/index.php\/wp-json\/wp\/v2\/categories?post=7684"},{"taxonomy":"post_tag","embeddable":true,"href":"http:\/\/viacaofortaleza.com.br\/index.php\/wp-json\/wp\/v2\/tags?post=7684"}],"curies":[{"name":"wp","href":"https:\/\/api.w.org\/{rel}","templated":true}]}}