{"id":773,"date":"2018-06-12T15:51:01","date_gmt":"2018-06-12T18:51:01","guid":{"rendered":"http:\/\/viacaofortaleza.com.br\/?p=773"},"modified":"2018-06-12T15:51:01","modified_gmt":"2018-06-12T18:51:01","slug":"encontro-de-integracao-de-supervisores","status":"publish","type":"post","link":"http:\/\/viacaofortaleza.com.br\/index.php\/2018\/06\/12\/encontro-de-integracao-de-supervisores\/","title":{"rendered":"Encontro de Integra\u00e7\u00e3o de Supervisores"},"content":{"rendered":"<p style=\"margin-bottom: 6px; font-family: Helvetica, Arial, sans-serif; color: #1d2129; font-size: 14px; background-color: #ffffff;\">Nesta quarta, 06\/06, realizamos mais um encontro de integra\u00e7\u00e3o de nossos supervisores com a equipe do Sindi\u00f4nibus do terminal da Parangaba, turno da tarde, onde contamos com a presen\u00e7a do supervisor Eufr\u00e1zio e o convidado especial, \u00cdtalo, supervisor da Etufor. Para integrar colaboradores e alinhar as atividades a serem realizadas.<\/p>\n<p style=\"margin-top: 6px; margin-bottom: 6px; font-family: Helvetica, Arial, sans-serif; color: #1d2129; font-size: 14px; background-color: #ffffff;\">Agradecemos a presen\u00e7a de todos neste dia e a disponibilidade de sempre do Sindi\u00f4nibus e Etufor.<\/p>\n<p style=\"margin-top: 6px; margin-bottom: 6px; font-family: Helvetica, Arial, sans-serif; color: #1d2129; font-size: 14px; background-color: #ffffff;\">Via\u00e7\u00e3o Fortaleza<span class=\"text_exposed_show\" style=\"display: inline; font-family: inherit;\"><br \/>\nFortalecendo o aprendizado e o entendimento para a melhoria cont\u00ednua.<\/span><\/p>\n","protected":false},"excerpt":{"rendered":"<p>Nesta quarta, 06\/06, realizamos mais um encontro de integra\u00e7\u00e3o de nossos supervisores com a equipe do Sindi\u00f4nibus do terminal da Parangaba, turno da tarde, onde contamos com a presen\u00e7a do supervisor Eufr\u00e1zio e o convidado especial, \u00cdtalo, supervisor da Etufor. Para integrar colaboradores e alinhar as atividades a serem realizadas. Agradecemos a presen\u00e7a de todos&hellip; <br \/> <a class=\"read-more\" href=\"http:\/\/viacaofortaleza.com.br\/index.php\/2018\/06\/12\/encontro-de-integracao-de-supervisores\/\">Leia mais<\/a><\/p>\n","protected":false},"author":1,"featured_media":774,"comment_status":"open","ping_status":"open","sticky":false,"template":"","format":"standard","meta":{"_mi_skip_tracking":false,"_monsterinsights_sitenote_active":false,"_monsterinsights_sitenote_note":"","_monsterinsights_sitenote_category":0,"ngg_post_thumbnail":0},"categories":[1],"tags":[51,53,52],"_links":{"self":[{"href":"http:\/\/viacaofortaleza.com.br\/index.php\/wp-json\/wp\/v2\/posts\/773"}],"collection":[{"href":"http:\/\/viacaofortaleza.com.br\/index.php\/wp-json\/wp\/v2\/posts"}],"about":[{"href":"http:\/\/viacaofortaleza.com.br\/index.php\/wp-json\/wp\/v2\/types\/post"}],"author":[{"embeddable":true,"href":"http:\/\/viacaofortaleza.com.br\/index.php\/wp-json\/wp\/v2\/users\/1"}],"replies":[{"embeddable":true,"href":"http:\/\/viacaofortaleza.com.br\/index.php\/wp-json\/wp\/v2\/comments?post=773"}],"version-history":[{"count":1,"href":"http:\/\/viacaofortaleza.com.br\/index.php\/wp-json\/wp\/v2\/posts\/773\/revisions"}],"predecessor-version":[{"id":775,"href":"http:\/\/viacaofortaleza.com.br\/index.php\/wp-json\/wp\/v2\/posts\/773\/revisions\/775"}],"wp:featuredmedia":[{"embeddable":true,"href":"http:\/\/viacaofortaleza.com.br\/index.php\/wp-json\/wp\/v2\/media\/774"}],"wp:attachment":[{"href":"http:\/\/viacaofortaleza.com.br\/index.php\/wp-json\/wp\/v2\/media?parent=773"}],"wp:term":[{"taxonomy":"category","embeddable":true,"href":"http:\/\/viacaofortaleza.com.br\/index.php\/wp-json\/wp\/v2\/categories?post=773"},{"taxonomy":"post_tag","embeddable":true,"href":"http:\/\/viacaofortaleza.com.br\/index.php\/wp-json\/wp\/v2\/tags?post=773"}],"curies":[{"name":"wp","href":"https:\/\/api.w.org\/{rel}","templated":true}]}}