{"id":7836,"date":"2021-05-12T08:00:35","date_gmt":"2021-05-12T11:00:35","guid":{"rendered":"http:\/\/viacaofortaleza.com.br\/?p=7836"},"modified":"2021-04-30T15:21:17","modified_gmt":"2021-04-30T18:21:17","slug":"maio-amarelo-2021-respeito-e-responsabilidade-pratique-no-transito-4","status":"publish","type":"post","link":"http:\/\/viacaofortaleza.com.br\/index.php\/2021\/05\/12\/maio-amarelo-2021-respeito-e-responsabilidade-pratique-no-transito-4\/","title":{"rendered":"Maio Amarelo 2021 &#8211; Respeito e Responsabilidade: Pratique no Tr\u00e2nsito"},"content":{"rendered":"<p>T\u00e1 gostando da reciclagem? Hoje tem mais! Fica ligado!<\/p>\n<div>&nbsp;<\/div>\n<p><img loading=\"lazy\" class=\"emojioneemoji\" src=\"https:\/\/cdn.jsdelivr.net\/emojione\/assets\/4.0\/png\/32\/1f6b4.png\" alt=\"?\" width=\"19\" height=\"19\">Ciclovia x Ciclofaixa<\/p>\n<p>Ciclovia: separa os ciclistas de pedestres e do tr\u00e2nsito. Ela conta com uma faixa exclusiva, sendo delimitada por micropostes ou barreiras.<\/p>\n<p>Ciclofaixa: parecida com a ciclovia, mas n\u00e3o tem barreiras e&nbsp;\u00e9 separada por sinaliza\u00e7\u00e3o e cores.<\/p>\n<div>&nbsp;<\/div>\n<p><img loading=\"lazy\" class=\"emojioneemoji\" src=\"https:\/\/cdn.jsdelivr.net\/emojione\/assets\/4.0\/png\/32\/26a0.png\" alt=\"\u26a0\" width=\"18\" height=\"18\">Capacete para ciclistas<\/p>\n<p>O uso n\u00e3o \u00e9 obrigat\u00f3rio, mas \u00e9 recomendado e de fundamental import\u00e2ncia para a preserva\u00e7\u00e3o da vida. Da mesma forma, o uso das cotoveleiras e as joelheiras.&nbsp;Apesar de n\u00e3o serem itens previstos em lei, a regra de seguran\u00e7a se destaca&nbsp;em rela\u00e7\u00e3o \u00e0 legisla\u00e7\u00e3o, neste caso.&nbsp;<\/p>\n<p>&nbsp;<\/p>\n<p><img loading=\"lazy\" class=\"emojioneemoji\" src=\"https:\/\/cdn.jsdelivr.net\/emojione\/assets\/4.0\/png\/32\/1f4f1.png\" alt=\"?\" width=\"23\" height=\"23\">Uso do celular<\/p>\n<div>Usar fones de ouvido ou teclar ao celular pode ser perigoso n\u00e3o s\u00f3 para condutores, mas tamb\u00e9m para pedestres. Mesmo para caminhar em vias p\u00fablicas, \u00e9 preciso ter aten\u00e7\u00e3o o tempo todo no trajeto para evitar acidentes.<\/p>\n<div>&nbsp;<\/div>\n<p><img loading=\"lazy\" class=\"emojioneemoji\" src=\"https:\/\/cdn.jsdelivr.net\/emojione\/assets\/4.0\/png\/32\/2705.png\" alt=\"\u2705\" width=\"16\" height=\"16\">Dica extra<\/p>\n<div>&nbsp;<\/div>\n<p>Ciclista n\u00e3o deve andar em sentido contr\u00e1rio \u00e0 via, furar sinal vermelho, ou mudar de faixa&nbsp;de rolamento sem indicar esta inten\u00e7\u00e3o \u2013 que, no caso, em geral, \u00e9 um aceno com o bra\u00e7o.<\/p>\n<div>&nbsp;<\/div>\n<p>Um tr\u00e2nsito seguro \u00e9 responsabilidade de todos. Pedestres, ciclistas, motociclistas e motoristas.&nbsp;&nbsp;<\/p><\/div>\n<div>&nbsp;<\/div>\n<div>#maioamarelo #tr\u00e2nsitoseguro #respeito #responsabilidade #ciclistas #pedestres<\/div>\n","protected":false},"excerpt":{"rendered":"<p>T\u00e1 gostando da reciclagem? Hoje tem mais! Fica ligado! &nbsp; Ciclovia x Ciclofaixa Ciclovia: separa os ciclistas de pedestres e do tr\u00e2nsito. Ela conta com uma faixa exclusiva, sendo delimitada por micropostes ou barreiras. Ciclofaixa: parecida com a ciclovia, mas n\u00e3o tem barreiras e&nbsp;\u00e9 separada por sinaliza\u00e7\u00e3o e cores. &nbsp; Capacete para ciclistas O uso&hellip; <br \/> <a class=\"read-more\" href=\"http:\/\/viacaofortaleza.com.br\/index.php\/2021\/05\/12\/maio-amarelo-2021-respeito-e-responsabilidade-pratique-no-transito-4\/\">Leia mais<\/a><\/p>\n","protected":false},"author":1,"featured_media":7838,"comment_status":"open","ping_status":"open","sticky":false,"template":"","format":"standard","meta":{"_mi_skip_tracking":false,"_monsterinsights_sitenote_active":false,"_monsterinsights_sitenote_note":"","_monsterinsights_sitenote_category":0,"ngg_post_thumbnail":0},"categories":[12],"tags":[818],"_links":{"self":[{"href":"http:\/\/viacaofortaleza.com.br\/index.php\/wp-json\/wp\/v2\/posts\/7836"}],"collection":[{"href":"http:\/\/viacaofortaleza.com.br\/index.php\/wp-json\/wp\/v2\/posts"}],"about":[{"href":"http:\/\/viacaofortaleza.com.br\/index.php\/wp-json\/wp\/v2\/types\/post"}],"author":[{"embeddable":true,"href":"http:\/\/viacaofortaleza.com.br\/index.php\/wp-json\/wp\/v2\/users\/1"}],"replies":[{"embeddable":true,"href":"http:\/\/viacaofortaleza.com.br\/index.php\/wp-json\/wp\/v2\/comments?post=7836"}],"version-history":[{"count":1,"href":"http:\/\/viacaofortaleza.com.br\/index.php\/wp-json\/wp\/v2\/posts\/7836\/revisions"}],"predecessor-version":[{"id":7839,"href":"http:\/\/viacaofortaleza.com.br\/index.php\/wp-json\/wp\/v2\/posts\/7836\/revisions\/7839"}],"wp:featuredmedia":[{"embeddable":true,"href":"http:\/\/viacaofortaleza.com.br\/index.php\/wp-json\/wp\/v2\/media\/7838"}],"wp:attachment":[{"href":"http:\/\/viacaofortaleza.com.br\/index.php\/wp-json\/wp\/v2\/media?parent=7836"}],"wp:term":[{"taxonomy":"category","embeddable":true,"href":"http:\/\/viacaofortaleza.com.br\/index.php\/wp-json\/wp\/v2\/categories?post=7836"},{"taxonomy":"post_tag","embeddable":true,"href":"http:\/\/viacaofortaleza.com.br\/index.php\/wp-json\/wp\/v2\/tags?post=7836"}],"curies":[{"name":"wp","href":"https:\/\/api.w.org\/{rel}","templated":true}]}}