{"id":7844,"date":"2021-05-08T08:00:59","date_gmt":"2021-05-08T11:00:59","guid":{"rendered":"http:\/\/viacaofortaleza.com.br\/?p=7844"},"modified":"2021-06-02T11:15:58","modified_gmt":"2021-06-02T14:15:58","slug":"dia-do-profissional-de-marketing-2","status":"publish","type":"post","link":"http:\/\/viacaofortaleza.com.br\/index.php\/2021\/05\/08\/dia-do-profissional-de-marketing-2\/","title":{"rendered":"Dia do Profissional de Marketing"},"content":{"rendered":"<p>Sabe aquele profissional que elabora planos, cria, inova, agrega valor, domina tend\u00eancias e&nbsp;tem a cabe\u00e7a cheia de ideias?<\/p>\n<p>Hoje \u00e9 dia de parabenizar o Profissional de Marketing, e&nbsp;aqui na Via\u00e7\u00e3o Fortaleza, nosso parab\u00e9ns vai para a Michelle Lima!&nbsp;<\/p>\n<div>\n<p>Gratid\u00e3o por compartilhar conosco seu talento!<\/p>\n<div>&nbsp;<\/div>\n<p>08 de Maio &#8211; Dia do Profissional de Marketing<\/p>\n<\/div>\n","protected":false},"excerpt":{"rendered":"<p>Sabe aquele profissional que elabora planos, cria, inova, agrega valor, domina tend\u00eancias e&nbsp;tem a cabe\u00e7a cheia de ideias? Hoje \u00e9 dia de parabenizar o Profissional de Marketing, e&nbsp;aqui na Via\u00e7\u00e3o Fortaleza, nosso parab\u00e9ns vai para a Michelle Lima!&nbsp; Gratid\u00e3o por compartilhar conosco seu talento! &nbsp; 08 de Maio &#8211; Dia do Profissional de Marketing<\/p>\n","protected":false},"author":1,"featured_media":7846,"comment_status":"open","ping_status":"open","sticky":false,"template":"","format":"standard","meta":{"_mi_skip_tracking":false,"_monsterinsights_sitenote_active":false,"_monsterinsights_sitenote_note":"","_monsterinsights_sitenote_category":0,"ngg_post_thumbnail":0},"categories":[3],"tags":[819],"_links":{"self":[{"href":"http:\/\/viacaofortaleza.com.br\/index.php\/wp-json\/wp\/v2\/posts\/7844"}],"collection":[{"href":"http:\/\/viacaofortaleza.com.br\/index.php\/wp-json\/wp\/v2\/posts"}],"about":[{"href":"http:\/\/viacaofortaleza.com.br\/index.php\/wp-json\/wp\/v2\/types\/post"}],"author":[{"embeddable":true,"href":"http:\/\/viacaofortaleza.com.br\/index.php\/wp-json\/wp\/v2\/users\/1"}],"replies":[{"embeddable":true,"href":"http:\/\/viacaofortaleza.com.br\/index.php\/wp-json\/wp\/v2\/comments?post=7844"}],"version-history":[{"count":2,"href":"http:\/\/viacaofortaleza.com.br\/index.php\/wp-json\/wp\/v2\/posts\/7844\/revisions"}],"predecessor-version":[{"id":7987,"href":"http:\/\/viacaofortaleza.com.br\/index.php\/wp-json\/wp\/v2\/posts\/7844\/revisions\/7987"}],"wp:featuredmedia":[{"embeddable":true,"href":"http:\/\/viacaofortaleza.com.br\/index.php\/wp-json\/wp\/v2\/media\/7846"}],"wp:attachment":[{"href":"http:\/\/viacaofortaleza.com.br\/index.php\/wp-json\/wp\/v2\/media?parent=7844"}],"wp:term":[{"taxonomy":"category","embeddable":true,"href":"http:\/\/viacaofortaleza.com.br\/index.php\/wp-json\/wp\/v2\/categories?post=7844"},{"taxonomy":"post_tag","embeddable":true,"href":"http:\/\/viacaofortaleza.com.br\/index.php\/wp-json\/wp\/v2\/tags?post=7844"}],"curies":[{"name":"wp","href":"https:\/\/api.w.org\/{rel}","templated":true}]}}