{"id":7910,"date":"2021-06-03T08:00:10","date_gmt":"2021-06-03T11:00:10","guid":{"rendered":"http:\/\/viacaofortaleza.com.br\/?p=7910"},"modified":"2021-05-24T11:15:35","modified_gmt":"2021-05-24T14:15:35","slug":"dia-do-profissional-de-rh-e-dp-3","status":"publish","type":"post","link":"http:\/\/viacaofortaleza.com.br\/index.php\/2021\/06\/03\/dia-do-profissional-de-rh-e-dp-3\/","title":{"rendered":"Dia do Profissional de RH e DP"},"content":{"rendered":"<p>03.06 &#8211; Dia do Profissional de RH e DP<\/p>\n<p>Dia de parabenizar os profissionais que se unem em prol da valoriza\u00e7\u00e3o e do desenvolvimento humano.<\/p>\n<p>Nosso parab\u00e9ns especial aos que fazem toda a diferen\u00e7a na nossa empresa: Izabel Bandeira, Luana Lima, Sarah Freitas e Yasmin Luz. Marcos Cavalcante, M\u00e1rcia Moreira, Cintia Calixto, Mara Alves e Vit\u00f3ria Alves.<\/p>\n<p>#gratid\u00e3o #rh #dp #profissionais<\/p>\n","protected":false},"excerpt":{"rendered":"<p>03.06 &#8211; Dia do Profissional de RH e DP Dia de parabenizar os profissionais que se unem em prol da valoriza\u00e7\u00e3o e do desenvolvimento humano. Nosso parab\u00e9ns especial aos que fazem toda a diferen\u00e7a na nossa empresa: Izabel Bandeira, Luana Lima, Sarah Freitas e Yasmin Luz. Marcos Cavalcante, M\u00e1rcia Moreira, Cintia Calixto, Mara Alves e&hellip; <br \/> <a class=\"read-more\" href=\"http:\/\/viacaofortaleza.com.br\/index.php\/2021\/06\/03\/dia-do-profissional-de-rh-e-dp-3\/\">Leia mais<\/a><\/p>\n","protected":false},"author":1,"featured_media":7911,"comment_status":"open","ping_status":"open","sticky":false,"template":"","format":"standard","meta":{"_mi_skip_tracking":false,"_monsterinsights_sitenote_active":false,"_monsterinsights_sitenote_note":"","_monsterinsights_sitenote_category":0,"ngg_post_thumbnail":0},"categories":[3],"tags":[351],"_links":{"self":[{"href":"http:\/\/viacaofortaleza.com.br\/index.php\/wp-json\/wp\/v2\/posts\/7910"}],"collection":[{"href":"http:\/\/viacaofortaleza.com.br\/index.php\/wp-json\/wp\/v2\/posts"}],"about":[{"href":"http:\/\/viacaofortaleza.com.br\/index.php\/wp-json\/wp\/v2\/types\/post"}],"author":[{"embeddable":true,"href":"http:\/\/viacaofortaleza.com.br\/index.php\/wp-json\/wp\/v2\/users\/1"}],"replies":[{"embeddable":true,"href":"http:\/\/viacaofortaleza.com.br\/index.php\/wp-json\/wp\/v2\/comments?post=7910"}],"version-history":[{"count":1,"href":"http:\/\/viacaofortaleza.com.br\/index.php\/wp-json\/wp\/v2\/posts\/7910\/revisions"}],"predecessor-version":[{"id":7912,"href":"http:\/\/viacaofortaleza.com.br\/index.php\/wp-json\/wp\/v2\/posts\/7910\/revisions\/7912"}],"wp:featuredmedia":[{"embeddable":true,"href":"http:\/\/viacaofortaleza.com.br\/index.php\/wp-json\/wp\/v2\/media\/7911"}],"wp:attachment":[{"href":"http:\/\/viacaofortaleza.com.br\/index.php\/wp-json\/wp\/v2\/media?parent=7910"}],"wp:term":[{"taxonomy":"category","embeddable":true,"href":"http:\/\/viacaofortaleza.com.br\/index.php\/wp-json\/wp\/v2\/categories?post=7910"},{"taxonomy":"post_tag","embeddable":true,"href":"http:\/\/viacaofortaleza.com.br\/index.php\/wp-json\/wp\/v2\/tags?post=7910"}],"curies":[{"name":"wp","href":"https:\/\/api.w.org\/{rel}","templated":true}]}}