{"id":7946,"date":"2021-06-09T08:00:49","date_gmt":"2021-06-09T11:00:49","guid":{"rendered":"http:\/\/viacaofortaleza.com.br\/?p=7946"},"modified":"2021-05-31T10:17:42","modified_gmt":"2021-05-31T13:17:42","slug":"dia-da-imunizacao-4","status":"publish","type":"post","link":"http:\/\/viacaofortaleza.com.br\/index.php\/2021\/06\/09\/dia-da-imunizacao-4\/","title":{"rendered":"Dia da Imuniza\u00e7\u00e3o"},"content":{"rendered":"<p>09.06 &#8211; Dia da Imuniza\u00e7\u00e3o<\/p>\n<p>Cuide da sua sa\u00fade! \u00c9 muito importante estar com todas as vacinas em dia, por isso, o Minist\u00e9rio da Sa\u00fade divulga o calend\u00e1rio vacinal completo, \u00e9 s\u00f3 clicar AQUI &gt;<br \/>\n<a href=\"https:\/\/www.gov.br\/saude\/pt-br.\">https:\/\/www.gov.br\/saude\/pt-br.<\/a><\/p>\n<p>No link est\u00e3o listadas todas as vacinas necess\u00e1rias, al\u00e9m das doses exatas e per\u00edodos que devemos nos imunizar.<\/p>\n<p>#vacina\u00e7\u00e3o #vacina #imunidade #imuniza\u00e7\u00e3o<\/p>\n","protected":false},"excerpt":{"rendered":"<p>09.06 &#8211; Dia da Imuniza\u00e7\u00e3o Cuide da sua sa\u00fade! \u00c9 muito importante estar com todas as vacinas em dia, por isso, o Minist\u00e9rio da Sa\u00fade divulga o calend\u00e1rio vacinal completo, \u00e9 s\u00f3 clicar AQUI &gt; https:\/\/www.gov.br\/saude\/pt-br. No link est\u00e3o listadas todas as vacinas necess\u00e1rias, al\u00e9m das doses exatas e per\u00edodos que devemos nos imunizar. #vacina\u00e7\u00e3o&hellip; <br \/> <a class=\"read-more\" href=\"http:\/\/viacaofortaleza.com.br\/index.php\/2021\/06\/09\/dia-da-imunizacao-4\/\">Leia mais<\/a><\/p>\n","protected":false},"author":1,"featured_media":7948,"comment_status":"open","ping_status":"open","sticky":false,"template":"","format":"standard","meta":{"_mi_skip_tracking":false,"_monsterinsights_sitenote_active":false,"_monsterinsights_sitenote_note":"","_monsterinsights_sitenote_category":0,"ngg_post_thumbnail":0},"categories":[3],"tags":[371],"_links":{"self":[{"href":"http:\/\/viacaofortaleza.com.br\/index.php\/wp-json\/wp\/v2\/posts\/7946"}],"collection":[{"href":"http:\/\/viacaofortaleza.com.br\/index.php\/wp-json\/wp\/v2\/posts"}],"about":[{"href":"http:\/\/viacaofortaleza.com.br\/index.php\/wp-json\/wp\/v2\/types\/post"}],"author":[{"embeddable":true,"href":"http:\/\/viacaofortaleza.com.br\/index.php\/wp-json\/wp\/v2\/users\/1"}],"replies":[{"embeddable":true,"href":"http:\/\/viacaofortaleza.com.br\/index.php\/wp-json\/wp\/v2\/comments?post=7946"}],"version-history":[{"count":1,"href":"http:\/\/viacaofortaleza.com.br\/index.php\/wp-json\/wp\/v2\/posts\/7946\/revisions"}],"predecessor-version":[{"id":7949,"href":"http:\/\/viacaofortaleza.com.br\/index.php\/wp-json\/wp\/v2\/posts\/7946\/revisions\/7949"}],"wp:featuredmedia":[{"embeddable":true,"href":"http:\/\/viacaofortaleza.com.br\/index.php\/wp-json\/wp\/v2\/media\/7948"}],"wp:attachment":[{"href":"http:\/\/viacaofortaleza.com.br\/index.php\/wp-json\/wp\/v2\/media?parent=7946"}],"wp:term":[{"taxonomy":"category","embeddable":true,"href":"http:\/\/viacaofortaleza.com.br\/index.php\/wp-json\/wp\/v2\/categories?post=7946"},{"taxonomy":"post_tag","embeddable":true,"href":"http:\/\/viacaofortaleza.com.br\/index.php\/wp-json\/wp\/v2\/tags?post=7946"}],"curies":[{"name":"wp","href":"https:\/\/api.w.org\/{rel}","templated":true}]}}