{"id":8054,"date":"2021-07-16T09:00:23","date_gmt":"2021-07-16T12:00:23","guid":{"rendered":"http:\/\/viacaofortaleza.com.br\/?p=8054"},"modified":"2021-07-05T09:06:19","modified_gmt":"2021-07-05T12:06:19","slug":"dica-de-leitura-tempos-asperos-de-mario-vargas-llosa-2","status":"publish","type":"post","link":"http:\/\/viacaofortaleza.com.br\/index.php\/2021\/07\/16\/dica-de-leitura-tempos-asperos-de-mario-vargas-llosa-2\/","title":{"rendered":"Dica de Leitura &#8211; Tempos \u00c1speros, de Mario Vargas Llosa."},"content":{"rendered":"<p><span style=\"color: #555555; font-family: Arial, 'Helvetica Neue', Helvetica, sans-serif; font-size: 14px; background-color: #ffffff;\">A #DicaDeLeitura de hoje \u00e9 o livro Tempos \u00e1speros, de Mario Vargas Llosa.<\/span><\/p>\n<div style=\"color: #555555; font-family: Arial, 'Helvetica Neue', Helvetica, sans-serif; font-size: 14px; background-color: #ffffff;\">&nbsp;<\/div>\n<p><span style=\"color: #555555; font-family: Arial, 'Helvetica Neue', Helvetica, sans-serif; font-size: 14px; background-color: #ffffff;\">A obra fala sobre o golpe pol\u00edtico que aconteceu na Guatemala, nos anos 50, e sobre as consequ\u00eancias sociais n\u00e3o s\u00f3 para o pa\u00eds como para a Am\u00e9rica Latina como um todo.<\/span><\/p>\n<div style=\"color: #555555; font-family: Arial, 'Helvetica Neue', Helvetica, sans-serif; font-size: 14px; background-color: #ffffff;\">&nbsp;<\/div>\n<p><span style=\"color: #555555; font-family: Arial, 'Helvetica Neue', Helvetica, sans-serif; font-size: 14px; background-color: #ffffff;\">#dicadeleitura<\/span><\/p>\n","protected":false},"excerpt":{"rendered":"<p>A #DicaDeLeitura de hoje \u00e9 o livro Tempos \u00e1speros, de Mario Vargas Llosa. &nbsp; A obra fala sobre o golpe pol\u00edtico que aconteceu na Guatemala, nos anos 50, e sobre as consequ\u00eancias sociais n\u00e3o s\u00f3 para o pa\u00eds como para a Am\u00e9rica Latina como um todo. &nbsp; #dicadeleitura<\/p>\n","protected":false},"author":1,"featured_media":8056,"comment_status":"open","ping_status":"open","sticky":false,"template":"","format":"standard","meta":{"_mi_skip_tracking":false,"_monsterinsights_sitenote_active":false,"_monsterinsights_sitenote_note":"","_monsterinsights_sitenote_category":0,"ngg_post_thumbnail":0},"categories":[359],"tags":[790,789],"_links":{"self":[{"href":"http:\/\/viacaofortaleza.com.br\/index.php\/wp-json\/wp\/v2\/posts\/8054"}],"collection":[{"href":"http:\/\/viacaofortaleza.com.br\/index.php\/wp-json\/wp\/v2\/posts"}],"about":[{"href":"http:\/\/viacaofortaleza.com.br\/index.php\/wp-json\/wp\/v2\/types\/post"}],"author":[{"embeddable":true,"href":"http:\/\/viacaofortaleza.com.br\/index.php\/wp-json\/wp\/v2\/users\/1"}],"replies":[{"embeddable":true,"href":"http:\/\/viacaofortaleza.com.br\/index.php\/wp-json\/wp\/v2\/comments?post=8054"}],"version-history":[{"count":1,"href":"http:\/\/viacaofortaleza.com.br\/index.php\/wp-json\/wp\/v2\/posts\/8054\/revisions"}],"predecessor-version":[{"id":8057,"href":"http:\/\/viacaofortaleza.com.br\/index.php\/wp-json\/wp\/v2\/posts\/8054\/revisions\/8057"}],"wp:featuredmedia":[{"embeddable":true,"href":"http:\/\/viacaofortaleza.com.br\/index.php\/wp-json\/wp\/v2\/media\/8056"}],"wp:attachment":[{"href":"http:\/\/viacaofortaleza.com.br\/index.php\/wp-json\/wp\/v2\/media?parent=8054"}],"wp:term":[{"taxonomy":"category","embeddable":true,"href":"http:\/\/viacaofortaleza.com.br\/index.php\/wp-json\/wp\/v2\/categories?post=8054"},{"taxonomy":"post_tag","embeddable":true,"href":"http:\/\/viacaofortaleza.com.br\/index.php\/wp-json\/wp\/v2\/tags?post=8054"}],"curies":[{"name":"wp","href":"https:\/\/api.w.org\/{rel}","templated":true}]}}